{"id":9891,"date":"2025-02-14T08:13:42","date_gmt":"2025-02-14T08:13:42","guid":{"rendered":"https:\/\/welikemadeira.com\/os-melhores-mercados-da-madeira-sabores-e-tradicoes-locais\/"},"modified":"2025-04-18T18:45:39","modified_gmt":"2025-04-18T18:45:39","slug":"mercados-na-madeira","status":"publish","type":"post","link":"https:\/\/welikemadeira.com\/pt-pt\/mercados-na-madeira\/","title":{"rendered":"Os melhores mercados da Madeira: sabores e tradi\u00e7\u00f5es locais"},"content":{"rendered":"\t\t<div data-elementor-type=\"wp-post\" data-elementor-id=\"9891\" class=\"elementor elementor-9891 elementor-4188\" data-elementor-post-type=\"post\">\n\t\t\t\t<div class=\"elementor-element elementor-element-5f8aecd e-flex e-con-boxed e-con e-parent\" data-id=\"5f8aecd\" data-element_type=\"container\" data-e-type=\"container\" data-settings=\"{&quot;background_background&quot;:&quot;classic&quot;,&quot;shape_divider_bottom&quot;:&quot;wave-brush&quot;}\">\n\t\t\t\t\t<div class=\"e-con-inner\">\n\t\t\t\t<div class=\"elementor-shape elementor-shape-bottom\" aria-hidden=\"true\" data-negative=\"false\">\n\t\t\t<svg xmlns=\"http:\/\/www.w3.org\/2000\/svg\" viewBox=\"0 0 283.5 27.8\" preserveAspectRatio=\"none\">\n\t<path class=\"elementor-shape-fill\" d=\"M283.5,9.7c0,0-7.3,4.3-14,4.6c-6.8,0.3-12.6,0-20.9-1.5c-11.3-2-33.1-10.1-44.7-5.7\ts-12.1,4.6-18,7.4c-6.6,3.2-20,9.6-36.6,9.3C131.6,23.5,99.5,7.2,86.3,8c-1.4,0.1-6.6,0.8-10.5,2c-3.8,1.2-9.4,3.8-17,4.7\tc-3.2,0.4-8.3,1.1-14.2,0.9c-1.5-0.1-6.3-0.4-12-1.6c-5.7-1.2-11-3.1-15.8-3.7C6.5,9.2,0,10.8,0,10.8V0h283.5V9.7z M260.8,11.3\tc-0.7-1-2-0.4-4.3-0.4c-2.3,0-6.1-1.2-5.8-1.1c0.3,0.1,3.1,1.5,6,1.9C259.7,12.2,261.4,12.3,260.8,11.3z M242.4,8.6\tc0,0-2.4-0.2-5.6-0.9c-3.2-0.8-10.3-2.8-15.1-3.5c-8.2-1.1-15.8,0-15.1,0.1c0.8,0.1,9.6-0.6,17.6,1.1c3.3,0.7,9.3,2.2,12.4,2.7\tC239.9,8.7,242.4,8.6,242.4,8.6z M185.2,8.5c1.7-0.7-13.3,4.7-18.5,6.1c-2.1,0.6-6.2,1.6-10,2c-3.9,0.4-8.9,0.4-8.8,0.5\tc0,0.2,5.8,0.8,11.2,0c5.4-0.8,5.2-1.1,7.6-1.6C170.5,14.7,183.5,9.2,185.2,8.5z M199.1,6.9c0.2,0-0.8-0.4-4.8,1.1\tc-4,1.5-6.7,3.5-6.9,3.7c-0.2,0.1,3.5-1.8,6.6-3C197,7.5,199,6.9,199.1,6.9z M283,6c-0.1,0.1-1.9,1.1-4.8,2.5s-6.9,2.8-6.7,2.7\tc0.2,0,3.5-0.6,7.4-2.5C282.8,6.8,283.1,5.9,283,6z M31.3,11.6c0.1-0.2-1.9-0.2-4.5-1.2s-5.4-1.6-7.8-2C15,7.6,7.3,8.5,7.7,8.6\tC8,8.7,15.9,8.3,20.2,9.3c2.2,0.5,2.4,0.5,5.7,1.6S31.2,11.9,31.3,11.6z M73,9.2c0.4-0.1,3.5-1.6,8.4-2.6c4.9-1.1,8.9-0.5,8.9-0.8\tc0-0.3-1-0.9-6.2-0.3S72.6,9.3,73,9.2z M71.6,6.7C71.8,6.8,75,5.4,77.3,5c2.3-0.3,1.9-0.5,1.9-0.6c0-0.1-1.1-0.2-2.7,0.2\tC74.8,5.1,71.4,6.6,71.6,6.7z M93.6,4.4c0.1,0.2,3.5,0.8,5.6,1.8c2.1,1,1.8,0.6,1.9,0.5c0.1-0.1-0.8-0.8-2.4-1.3\tC97.1,4.8,93.5,4.2,93.6,4.4z M65.4,11.1c-0.1,0.3,0.3,0.5,1.9-0.2s2.6-1.3,2.2-1.2s-0.9,0.4-2.5,0.8C65.3,10.9,65.5,10.8,65.4,11.1\tz M34.5,12.4c-0.2,0,2.1,0.8,3.3,0.9c1.2,0.1,2,0.1,2-0.2c0-0.3-0.1-0.5-1.6-0.4C36.6,12.8,34.7,12.4,34.5,12.4z M152.2,21.1\tc-0.1,0.1-2.4-0.3-7.5-0.3c-5,0-13.6-2.4-17.2-3.5c-3.6-1.1,10,3.9,16.5,4.1C150.5,21.6,152.3,21,152.2,21.1z\"\/>\n\t<path class=\"elementor-shape-fill\" d=\"M269.6,18c-0.1-0.1-4.6,0.3-7.2,0c-7.3-0.7-17-3.2-16.6-2.9c0.4,0.3,13.7,3.1,17,3.3\tC267.7,18.8,269.7,18,269.6,18z\"\/>\n\t<path class=\"elementor-shape-fill\" d=\"M227.4,9.8c-0.2-0.1-4.5-1-9.5-1.2c-5-0.2-12.7,0.6-12.3,0.5c0.3-0.1,5.9-1.8,13.3-1.2\tS227.6,9.9,227.4,9.8z\"\/>\n\t<path class=\"elementor-shape-fill\" d=\"M204.5,13.4c-0.1-0.1,2-1,3.2-1.1c1.2-0.1,2,0,2,0.3c0,0.3-0.1,0.5-1.6,0.4\tC206.4,12.9,204.6,13.5,204.5,13.4z\"\/>\n\t<path class=\"elementor-shape-fill\" d=\"M201,10.6c0-0.1-4.4,1.2-6.3,2.2c-1.9,0.9-6.2,3.1-6.1,3.1c0.1,0.1,4.2-1.6,6.3-2.6\tS201,10.7,201,10.6z\"\/>\n\t<path class=\"elementor-shape-fill\" d=\"M154.5,26.7c-0.1-0.1-4.6,0.3-7.2,0c-7.3-0.7-17-3.2-16.6-2.9c0.4,0.3,13.7,3.1,17,3.3\tC152.6,27.5,154.6,26.8,154.5,26.7z\"\/>\n\t<path class=\"elementor-shape-fill\" d=\"M41.9,19.3c0,0,1.2-0.3,2.9-0.1c1.7,0.2,5.8,0.9,8.2,0.7c4.2-0.4,7.4-2.7,7-2.6\tc-0.4,0-4.3,2.2-8.6,1.9c-1.8-0.1-5.1-0.5-6.7-0.4S41.9,19.3,41.9,19.3z\"\/>\n\t<path class=\"elementor-shape-fill\" d=\"M75.5,12.6c0.2,0.1,2-0.8,4.3-1.1c2.3-0.2,2.1-0.3,2.1-0.5c0-0.1-1.8-0.4-3.4,0\tC76.9,11.5,75.3,12.5,75.5,12.6z\"\/>\n\t<path class=\"elementor-shape-fill\" d=\"M15.6,13.2c0-0.1,4.3,0,6.7,0.5c2.4,0.5,5,1.9,5,2c0,0.1-2.7-0.8-5.1-1.4\tC19.9,13.7,15.7,13.3,15.6,13.2z\"\/>\n<\/svg>\t\t<\/div>\n\t\t\t\t<div class=\"elementor-element elementor-element-d068c27 elementor-widget__width-initial elementor-widget-mobile__width-initial elementor-widget elementor-widget-heading\" data-id=\"d068c27\" data-element_type=\"widget\" data-e-type=\"widget\" data-widget_type=\"heading.default\">\n\t\t\t\t<div class=\"elementor-widget-container\">\n\t\t\t\t\t<h1 class=\"elementor-heading-title elementor-size-default\">Os melhores mercados da Madeira: sabores e tradi\u00e7\u00f5es locais<\/h1>\t\t\t\t<\/div>\n\t\t\t\t<\/div>\n\t\t\t\t\t<\/div>\n\t\t\t\t<\/div>\n\t\t<div class=\"elementor-element elementor-element-af197c8 e-flex e-con-boxed e-con e-parent\" data-id=\"af197c8\" data-element_type=\"container\" data-e-type=\"container\">\n\t\t\t\t\t<div class=\"e-con-inner\">\n\t\t\t\t<div class=\"elementor-element elementor-element-ea5265c elementor-widget elementor-widget-heading\" data-id=\"ea5265c\" data-element_type=\"widget\" data-e-type=\"widget\" data-widget_type=\"heading.default\">\n\t\t\t\t<div class=\"elementor-widget-container\">\n\t\t\t\t\t<p class=\"elementor-heading-title elementor-size-default\">A Madeira \u00e9 conhecida pelos seus mercados vibrantes, onde podes encontrar produtos frescos e locais. Estes espa\u00e7os n\u00e3o s\u00f3 oferecem uma variedade de alimentos, como tamb\u00e9m reflectem a cultura e as tradi\u00e7\u00f5es da ilha. Visitar os mercados na Madeira permite-te experimentar a autenticidade local. Para al\u00e9m disso, o apoio aos produtores e o conv\u00edvio social s\u00e3o pontos altos da experi\u00eancia.   <\/p>\t\t\t\t<\/div>\n\t\t\t\t<\/div>\n\t\t\t\t\t<\/div>\n\t\t\t\t<\/div>\n\t\t<div class=\"elementor-element elementor-element-24cbafb e-flex e-con-boxed e-con e-parent\" data-id=\"24cbafb\" data-element_type=\"container\" data-e-type=\"container\">\n\t\t\t\t\t<div class=\"e-con-inner\">\n\t\t<div class=\"elementor-element elementor-element-07962a6 e-grid e-con-full e-con e-child\" data-id=\"07962a6\" data-element_type=\"container\" data-e-type=\"container\">\n\t\t\t\t<div class=\"elementor-element elementor-element-5abf24f elementor-widget elementor-widget-text-editor\" data-id=\"5abf24f\" data-element_type=\"widget\" data-e-type=\"widget\" data-widget_type=\"text-editor.default\">\n\t\t\t\t<div class=\"elementor-widget-container\">\n\t\t\t\t\t\t\t\t\t<p><span style=\"color: #000000;\">A Madeira n\u00e3o \u00e9 apenas conhecida pelas suas paisagens naturais, mas tamb\u00e9m pela sua rica tradi\u00e7\u00e3o gastron\u00f3mica e cultural, que \u00e9 vivida intensamente nos seus mercados. Estes espa\u00e7os vibrantes oferecem uma mistura de cores, aromas e sabores que reflectem a ess\u00eancia da ilha. <\/span><\/p>\n\t\t\t\t\t\t\t\t<\/div>\n\t\t\t\t<\/div>\n\t\t\t\t<div class=\"elementor-element elementor-element-3cccf6c elementor-widget elementor-widget-text-editor\" data-id=\"3cccf6c\" data-element_type=\"widget\" data-e-type=\"widget\" data-widget_type=\"text-editor.default\">\n\t\t\t\t<div class=\"elementor-widget-container\">\n\t\t\t\t\t\t\t\t\t<p><span style=\"color: #000000;\">Desde frutas tropicais e produtos frescos do Atl\u00e2ntico at\u00e9 ao artesanato local e especiarias ex\u00f3ticas, os mercados da Madeira s\u00e3o o local perfeito para mergulhares na vida local e descobrires a sua aut\u00eantica identidade. Explora os melhores mercados da ilha e deixa-te seduzir pelos seus sabores e tradi\u00e7\u00f5es \u00fanicas. <\/span><\/p>\n\t\t\t\t\t\t\t\t<\/div>\n\t\t\t\t<\/div>\n\t\t\t\t<\/div>\n\t\t\t\t\t<\/div>\n\t\t\t\t<\/div>\n\t\t<div class=\"elementor-element elementor-element-dc56c73 e-flex e-con-boxed e-con e-parent\" data-id=\"dc56c73\" data-element_type=\"container\" data-e-type=\"container\">\n\t\t\t\t\t<div class=\"e-con-inner\">\n\t\t\t\t<div class=\"elementor-element elementor-element-4d976dd elementor-widget elementor-widget-shortcode\" data-id=\"4d976dd\" data-element_type=\"widget\" data-e-type=\"widget\" data-widget_type=\"shortcode.default\">\n\t\t\t\t<div class=\"elementor-widget-container\">\n\t\t\t\t\t\t\t<div class=\"elementor-shortcode\"><a class=\"weatherwidget-io\" href=\"https:\/\/forecast7.com\/es\/32d76n16d96\/madeira\/\" data-label_1=\"MADEIRA\" data-label_2=\"WEATHER\" data-theme=\"ruby\">CLIMA DA MADEIRA<\/a>\n<script>\n!function(d,s,id){var js,fjs=d.getElementsByTagName(s)[0];if(!d.getElementById(id)){js=d.createElement(s);js.id=id;js.src='https:\/\/weatherwidget.io\/js\/widget.min.js';fjs.parentNode.insertBefore(js,fjs);}}(document,'script','weatherwidget-io-js');\n<\/script><\/div>\n\t\t\t\t\t\t<\/div>\n\t\t\t\t<\/div>\n\t\t\t\t\t<\/div>\n\t\t\t\t<\/div>\n\t\t<div class=\"elementor-element elementor-element-e63fc6e e-grid e-con-boxed e-con e-child\" data-id=\"e63fc6e\" data-element_type=\"container\" data-e-type=\"container\">\n\t\t\t\t\t<div class=\"e-con-inner\">\n\t\t<div class=\"elementor-element elementor-element-454c5ef e-grid e-con-full e-con e-child\" data-id=\"454c5ef\" data-element_type=\"container\" data-e-type=\"container\">\n\t\t\t\t<div class=\"elementor-element elementor-element-cdc18ad elementor-view-default elementor-position-block-start elementor-mobile-position-block-start elementor-widget elementor-widget-icon-box\" data-id=\"cdc18ad\" data-element_type=\"widget\" data-e-type=\"widget\" data-widget_type=\"icon-box.default\">\n\t\t\t\t<div class=\"elementor-widget-container\">\n\t\t\t\t\t\t\t<div class=\"elementor-icon-box-wrapper\">\n\n\t\t\t\t\t\t<div class=\"elementor-icon-box-icon\">\n\t\t\t\t<a href=\"https:\/\/welikemadeira.com\/pt-pt\/melhor-alojamento-na-madeira\/\" class=\"elementor-icon elementor-animation-grow\" tabindex=\"-1\">\n\t\t\t\t<svg xmlns=\"http:\/\/www.w3.org\/2000\/svg\" id=\"line_Expand\" data-name=\"line Expand\" viewBox=\"0 0 64 64\" width=\"512\" height=\"512\"><path d=\"M29.5,10a3.0033,3.0033,0,0,0-3,3v6a1,1,0,0,0,2,0V16h2v3a1,1,0,0,0,2,0V13A3.0033,3.0033,0,0,0,29.5,10Zm-1,4V13a1,1,0,0,1,2,0v1Z\"><\/path><path d=\"M37.5,12a1.0006,1.0006,0,0,1,1,1,1,1,0,0,0,2,0,3,3,0,0,0-6,0v4a3,3,0,0,0,6,0,1,1,0,0,0-2,0,1,1,0,0,1-2,0V13A1.0006,1.0006,0,0,1,37.5,12Z\"><\/path><path d=\"M24,12a1,1,0,0,0,0-2H20a1,1,0,0,0-1,1v8a1,1,0,0,0,1,1h4a1,1,0,0,0,0-2H21V16h2.5a1,1,0,0,0,0-2H21V12Z\"><\/path><path d=\"M47.5,10a1,1,0,0,0-1,1v3h-2V11a1,1,0,0,0-2,0v8a1,1,0,0,0,2,0V16h2v3a1,1,0,0,0,2,0V11A1,1,0,0,0,47.5,10Z\"><\/path><path d=\"M14.5,10H12a1,1,0,0,0-1,1v8a1,1,0,0,0,1,1h2.5a2.9869,2.9869,0,0,0,2.22-5,2.9869,2.9869,0,0,0-2.22-5ZM13,12h1.5a1,1,0,0,1,0,2H13Zm1.5,6H13V16h1.5a1,1,0,0,1,0,2Z\"><\/path><path d=\"M27,40a3.0033,3.0033,0,0,0,3-3V33a3,3,0,0,0-6,0v4A3.0033,3.0033,0,0,0,27,40Zm-1-7a1,1,0,0,1,2,0v4a1,1,0,0,1-2,0Z\"><\/path><path d=\"M48,40h4a1,1,0,0,0,0-2H49V31a1,1,0,0,0-2,0v8A1,1,0,0,0,48,40Z\"><\/path><path d=\"M40,40h4a1,1,0,0,0,0-2H41V36h2.5a1,1,0,0,0,0-2H41V32h3a1,1,0,0,0,0-2H40a1,1,0,0,0-1,1v8A1,1,0,0,0,40,40Z\"><\/path><path d=\"M17,40a1,1,0,0,0,1-1V36h2v3a1,1,0,0,0,2,0V31a1,1,0,0,0-2,0v3H18V31a1,1,0,0,0-2,0v8A1,1,0,0,0,17,40Z\"><\/path><path d=\"M32.5,32h1v7a1,1,0,0,0,2,0V32h1a1,1,0,0,0,0-2h-4a1,1,0,0,0,0,2Z\"><\/path><path d=\"M51,23.5a1.0024,1.0024,0,0,0,.7314-.3174l7-7.5a1.0011,1.0011,0,0,0,0-1.3652l-7-7.5A1.0024,1.0024,0,0,0,51,6.5H36V6a4,4,0,0,0-8,0v.5H8a1,1,0,0,0-1,1v15a1,1,0,0,0,1,1H28v3H13a1.0024,1.0024,0,0,0-.7314.3174l-7,7.5a1.0011,1.0011,0,0,0,0,1.3652l7,7.5A1.0024,1.0024,0,0,0,13,43.5H28v7.2943a18.008,18.008,0,0,0-5.46-5.62,1,1,0,0,0-1.541,1.0371,33.0687,33.0687,0,0,1,.5908,5.1846,13.7173,13.7173,0,0,0-1.9179-2.1367,1,1,0,0,0-1.6592.8974c.0107.0694,1.0928,6.9454.8105,9.7432A1.0008,1.0008,0,0,0,19.8184,61H51a1,1,0,0,0,.9873-1.1562,58.0716,58.0716,0,0,1,.0107-7.7833,1,1,0,0,0-1.1943-1.041A6.0684,6.0684,0,0,0,47.66,52.7021a33.7677,33.7677,0,0,1,.3134-6.539,1,1,0,0,0-1.64-.92,18.1487,18.1487,0,0,0-4.25,5.288c-.0117-.331-.0127-.5263-.0127-.5332a1,1,0,0,0-1.6973-.7148,16.0871,16.0871,0,0,0-1.7978,2.0732,29.9058,29.9058,0,0,1,.4043-3.1611,1,1,0,0,0-1.5352-1.0273A9.5155,9.5155,0,0,0,36,48.3634V43.5H56a1,1,0,0,0,1-1v-15a1,1,0,0,0-1-1H36v-3ZM28,58.4455c-.0093.2034-.0217.3939-.0381.5545H20.8672a49.2384,49.2384,0,0,0-.4053-5.6865,10.6608,10.6608,0,0,1,1.0254,2.2617.9994.9994,0,0,0,1.9443-.1807,30.1211,30.1211,0,0,0-.0722-7.0547A12.86,12.86,0,0,1,28,57.5119ZM30,6a2,2,0,0,1,4,0v.5H30Zm0,53V43.5h4v7.5287A25.0858,25.0858,0,0,0,31.333,59Zm6.623-8.3174A24.34,24.34,0,0,0,36.6,55.2764a1,1,0,0,0,1.9209.2734,14.235,14.235,0,0,1,1.69-3.04c.0713.7314.1778,1.5625.3379,2.41a.998.998,0,0,0,.95.8135.9667.9667,0,0,0,1.001-.75,15.78,15.78,0,0,1,3.19-6.249,28.1034,28.1034,0,0,0,.3164,6.92,1,1,0,0,0,.8652.8037.9818.9818,0,0,0,1.0283-.583,5.04,5.04,0,0,1,2.0264-2.4238c-.0635,1.5146-.1309,3.8525-.0283,5.5488H33.3662A20.4561,20.4561,0,0,1,36.623,50.6826ZM55,28.5v13H13.4346L7.3682,35l6.0664-6.5Zm-25-2v-3h4v3Zm-21-5V8.5H50.5654L56.6318,15l-6.0664,6.5Z\"><\/path><\/svg>\t\t\t\t<\/a>\n\t\t\t<\/div>\n\t\t\t\n\t\t\t\t\t\t<div class=\"elementor-icon-box-content\">\n\n\t\t\t\t\n\t\t\t\t\t\t\t\t\t<p class=\"elementor-icon-box-description\">\n\t\t\t\t\t\tMelhor alojamento na Madeira: Guia do Viajante\t\t\t\t\t<\/p>\n\t\t\t\t\n\t\t\t<\/div>\n\t\t\t\n\t\t<\/div>\n\t\t\t\t\t\t<\/div>\n\t\t\t\t<\/div>\n\t\t\t\t<div class=\"elementor-element elementor-element-ad27924 elementor-view-default elementor-position-block-start elementor-mobile-position-block-start elementor-widget elementor-widget-icon-box\" data-id=\"ad27924\" data-element_type=\"widget\" data-e-type=\"widget\" data-widget_type=\"icon-box.default\">\n\t\t\t\t<div class=\"elementor-widget-container\">\n\t\t\t\t\t\t\t<div class=\"elementor-icon-box-wrapper\">\n\n\t\t\t\t\t\t<div class=\"elementor-icon-box-icon\">\n\t\t\t\t<a href=\"https:\/\/welikemadeira.com\/pt-pt\/as-vilas-mais-bonitas-da-madeira\/\" class=\"elementor-icon elementor-animation-grow\" tabindex=\"-1\">\n\t\t\t\t<svg xmlns=\"http:\/\/www.w3.org\/2000\/svg\" xmlns:xlink=\"http:\/\/www.w3.org\/1999\/xlink\" id=\"Capa_1\" x=\"0px\" y=\"0px\" viewBox=\"0 0 512 512\" style=\"enable-background:new 0 0 512 512;\" xml:space=\"preserve\"> <g> <g> <path d=\"M504.5,484.964h-56.629v-0.494c0-17.396-14.152-31.549-31.549-31.549c-2.913,0-5.774,0.411-8.532,1.203v-26.641 c18.834-1.645,36.79-9.282,50.985-22.004c18.542-16.616,29.176-40.418,29.176-65.3c0-15.479-4.117-30.71-11.906-44.047 c-3.614-6.187-5.14-13.697-4.413-21.722c0.786-8.688-0.043-17.467-2.465-26.092c-7.387-26.321-29.507-46.279-56.354-50.847 c-21.147-3.604-42.544,2.163-58.705,15.809c-16.172,13.652-25.446,33.609-25.446,54.754c0,1.932,0.081,3.892,0.24,5.827 c0.697,8.435-0.867,16.231-4.524,22.546c-1.442,2.488-2.758,5.054-3.948,7.674l-83.445-55.63 c-7.927-5.276-18.171-5.275-26.102,0.003l-35.56,23.706v-20.675h0.516c4.142,0,7.5-3.357,7.5-7.5s-3.358-7.5-7.5-7.5h-56.113 c-4.142,0-7.5,3.357-7.5,7.5s3.358,7.5,7.5,7.5h0.516v56.629c0,0.25,0.013,0.498,0.037,0.742l-16.177,10.785l-25.14-117.307 c-0.741-3.458-3.797-5.929-7.333-5.929c-3.536,0-6.592,2.471-7.333,5.929l-48.097,224.43c-0.475,2.214,0.077,4.524,1.501,6.286 c1.424,1.762,3.567,2.785,5.833,2.785H64.13v49.129H7.5c-4.142,0-7.5,3.357-7.5,7.5s3.358,7.5,7.5,7.5h497 c4.143,0,7.5-3.357,7.5-7.5S508.643,484.964,504.5,484.964z M135.242,251.485h25.081v30.675l-25.081,16.721V251.485z M96.193,484.964H79.129v-49.129h17.064V484.964z M79.129,420.835v-16.548c0-4.143-3.358-7.5-7.5-7.5c-4.142,0-7.5,3.357-7.5,7.5 v16.548H32.81l38.819-181.139l38.819,181.139H79.129z M344.162,356.727c-1.682,0-3.312-0.495-4.718-1.434l-71.256-47.506 c-3.446-2.298-8.103-1.367-10.4,2.08c-2.298,3.446-1.367,8.103,2.08,10.4l71.252,47.503c1.738,1.161,3.609,2.061,5.558,2.718 v114.475H111.193v-49.129h8.532c2.265,0,4.409-1.023,5.833-2.785c1.424-1.762,1.976-4.072,1.501-6.286l-12.347-57.612 l109.224-72.838l11.881,7.922c3.447,2.298,8.104,1.367,10.401-2.08c2.298-3.446,1.367-8.103-2.08-10.4l-16.042-10.696 c-2.52-1.68-5.802-1.68-8.322,0l-108.443,72.318l-3.849-17.961l111.716-74.479c2.877-1.914,6.597-1.915,9.47-0.003l120.243,80.162 c1.896,1.263,3.186,3.189,3.633,5.425c0.446,2.235-0.003,4.51-1.269,6.408C349.69,355.307,347.031,356.727,344.162,356.727z M351.677,370.496c4.876-1.636,9.145-4.842,12.079-9.246c3.487-5.229,4.729-11.505,3.495-17.67 c-1.232-6.164-4.792-11.479-10.021-14.964l-24.112-16.075c1.224-2.956,2.633-5.844,4.238-8.615 c5.199-8.977,7.444-19.8,6.494-31.299c-0.126-1.525-0.189-3.07-0.189-4.593c0-16.717,7.334-32.497,20.122-43.293 c12.967-10.946,29.483-15.379,46.514-12.482c21.161,3.601,38.601,19.346,44.429,40.113c1.927,6.862,2.589,13.822,1.967,20.686 c-1.01,11.149,1.203,21.744,6.399,30.64c6.45,11.043,9.859,23.658,9.859,36.481c0,20.625-8.815,40.354-24.187,54.13 c-11.629,10.42-25.803,16.634-40.975,18.161v-32.209c0-4.143-3.357-7.5-7.5-7.5s-7.5,3.357-7.5,7.5v32.189 c-0.252-0.025-0.503-0.036-0.755-0.063c-14.831-1.628-29.054-8.103-40.357-18.311V370.496z M392.791,427.526v21.024 c-5.104-2.377-10.718-3.645-16.549-3.645c-9.276,0-17.811,3.218-24.564,8.584V413.03c11.617,7.786,24.94,12.753,38.721,14.266 C391.197,427.384,391.994,427.46,392.791,427.526z M432.871,484.964h-81.193v-0.494c0-13.545,11.02-24.564,24.564-24.564 c7.737,0,14.886,3.627,19.611,9.95c1.196,1.601,2.981,2.658,4.961,2.938c1.976,0.278,3.987-0.242,5.579-1.451 c2.951-2.238,6.384-3.421,9.929-3.421c9.125-0.001,16.549,7.423,16.549,16.548V484.964z\"><\/path> <\/g> <\/g> <g> <g> <path d=\"M279.532,422.089v-49.846c0-4.143-3.357-7.5-7.5-7.5h-96.193c-4.142,0-7.5,3.357-7.5,7.5v49.846 c-9.308,3.139-16.032,11.946-16.032,22.3c0,12.976,10.557,23.532,23.532,23.532c4.142,0,7.5-3.357,7.5-7.5s-3.358-7.5-7.5-7.5 c-4.705,0-8.532-3.827-8.532-8.532s3.828-8.532,8.532-8.532h96.193c4.705,0,8.532,3.827,8.532,8.532s-3.827,8.532-8.532,8.532 h-64.129c-4.142,0-7.5,3.357-7.5,7.5s3.358,7.5,7.5,7.5h64.129c12.976,0,23.532-10.557,23.532-23.532 C295.564,434.035,288.84,425.229,279.532,422.089z M216.436,420.856h-33.097v-41.113h33.097V420.856z M264.532,420.856h-33.097 v-41.113h33.097V420.856z\"><\/path> <\/g> <\/g> <g> <g> <path d=\"M336.163,12.035c-26.252,0-50.188,12.568-65.116,33.903c-4.961-1.222-10-1.839-15.047-1.839 c-29.32,0-54.82,20.42-61.714,48.425c-23.607,2.78-41.979,22.911-41.979,47.253c0,3.431,0.372,6.825,1.11,10.155 c-14.514,4.494-25.159,18.108-25.159,33.933c0,5.322,1.149,10.444,3.417,15.225c1.775,3.741,6.249,5.335,9.99,3.561 c3.743-1.774,5.337-6.248,3.563-9.99c-1.307-2.756-1.969-5.715-1.969-8.797c0-11.067,9.027-20.263,20.123-20.498 c2.505-0.053,4.818-1.353,6.165-3.465s1.551-4.758,0.542-7.052c-1.846-4.198-2.782-8.598-2.782-13.073 c0-17.835,14.405-32.368,32.19-32.579c0.242,0.028,0.555,0.055,0.915,0.06c0.035,0.001,0.069,0.001,0.104,0.001 c3.728,0,6.897-2.742,7.424-6.443c3.383-23.783,24.045-41.716,48.06-41.716c5.323,0,10.654,0.908,15.846,2.699 c3.354,1.155,7.057-0.192,8.881-3.236c11.824-19.741,32.548-31.527,55.435-31.527c35.646,0,64.646,28.999,64.646,64.645 s-29,64.646-64.646,64.646c-13.893,0-27.182-4.412-38.431-12.76c-2.854-2.118-6.802-1.941-9.457,0.421 c-8.937,7.957-20.398,12.339-32.273,12.339c-6.409,0-12.661-1.243-18.581-3.695c-3.489-1.446-7.505-0.072-9.379,3.203 c-5.833,10.192-16.62,16.524-28.152,16.524c-2.239,0-4.505-0.255-6.928-0.78c-2.445-0.53-4.993,0.195-6.794,1.932 c-1.801,1.736-2.617,4.257-2.177,6.72c0.261,1.459,0.383,2.614,0.383,3.637c0,10.163-7.57,18.911-17.608,20.349 c-4.1,0.587-6.948,4.387-6.361,8.486c0.536,3.74,3.744,6.438,7.415,6.438c0.354,0,0.712-0.025,1.072-0.076 c16.217-2.322,28.713-15.654,30.31-31.711c0.23,0.004,0.46,0.006,0.689,0.006c14.782,0,28.707-7.061,37.65-18.77 c5.973,1.818,12.16,2.737,18.462,2.737c13.575,0,26.729-4.363,37.625-12.389c12.765,8.123,27.354,12.389,42.536,12.389 c43.917,0,79.646-35.729,79.646-79.646C415.809,47.764,380.08,12.035,336.163,12.035z\"><\/path> <\/g> <\/g> <g> <\/g> <g> <\/g> <g> <\/g> <g> <\/g> <g> <\/g> <g> <\/g> <g> <\/g> <g> <\/g> <g> <\/g> <g> <\/g> <g> <\/g> <g> <\/g> <g> <\/g> <g> <\/g> <g> <\/g> <\/svg>\t\t\t\t<\/a>\n\t\t\t<\/div>\n\t\t\t\n\t\t\t\t\t\t<div class=\"elementor-icon-box-content\">\n\n\t\t\t\t\n\t\t\t\t\t\t\t\t\t<p class=\"elementor-icon-box-description\">\n\t\t\t\t\t\tAs mais belas vilas da Madeira: Descobre o seu encanto e tradi\u00e7\u00e3o\t\t\t\t\t<\/p>\n\t\t\t\t\n\t\t\t<\/div>\n\t\t\t\n\t\t<\/div>\n\t\t\t\t\t\t<\/div>\n\t\t\t\t<\/div>\n\t\t\t\t<div class=\"elementor-element elementor-element-5000e86 elementor-view-default elementor-position-block-start elementor-mobile-position-block-start elementor-widget elementor-widget-icon-box\" data-id=\"5000e86\" data-element_type=\"widget\" data-e-type=\"widget\" data-widget_type=\"icon-box.default\">\n\t\t\t\t<div class=\"elementor-widget-container\">\n\t\t\t\t\t\t\t<div class=\"elementor-icon-box-wrapper\">\n\n\t\t\t\t\t\t<div class=\"elementor-icon-box-icon\">\n\t\t\t\t<a href=\"https:\/\/welikemadeira.com\/pt-pt\/o-que-ver-e-fazer-na-madeira\/\" class=\"elementor-icon elementor-animation-grow\" tabindex=\"-1\">\n\t\t\t\t<svg xmlns=\"http:\/\/www.w3.org\/2000\/svg\" id=\"Capa_1\" height=\"512\" viewBox=\"0 0 512 512\" width=\"512\"><g id=\"XMLID_1184_\"><g id=\"XMLID_176_\"><path id=\"XMLID_178_\" d=\"m318.006 211.841c-16.814 0-33.145 3.261-48.537 9.69-5.096 2.129-7.501 7.986-5.373 13.082 2.129 5.097 7.986 7.499 13.082 5.373 12.938-5.405 26.674-8.145 40.828-8.145 58.449 0 106 47.552 106 106s-47.551 106-106 106-106-47.552-106-106c0-14.132 2.732-27.85 8.121-40.77 2.126-5.098-.283-10.953-5.38-13.079-5.094-2.123-10.953.283-13.079 5.38-6.411 15.373-9.662 31.68-9.662 48.469 0 69.477 56.523 126 126 126s126-56.523 126-126-56.523-126-126-126z\"><\/path><path id=\"XMLID_711_\" d=\"m318.006 419.841c45.215 0 82-36.785 82-82s-36.785-82-82-82-82 36.785-82 82 36.786 82 82 82zm0-144c34.187 0 62 27.814 62 62s-27.813 62-62 62-62-27.813-62-62 27.813-62 62-62z\"><\/path><path id=\"XMLID_714_\" d=\"m461.284 163.841h-30.42l-34.915-59.087c-1.799-3.045-5.073-4.913-8.609-4.913h-138.667c-3.537 0-6.81 1.868-8.609 4.913l-34.915 59.087h-57.149v-12c0-19.851-16.149-36-36-36s-36 16.149-36 36v12h-25.284c-27.965 0-50.716 22.751-50.716 50.717v246.566c0 27.966 22.751 50.717 50.716 50.717h410.567c27.965 0 50.716-22.751 50.716-50.717v-246.566c.001-27.966-22.751-50.717-50.715-50.717zm-206.905-44h127.254l26 44h-179.254zm-158.379 32c0-8.822 7.178-16 16-16s16 7.178 16 16v12h-32zm396 309.283c0 16.938-13.779 30.717-30.716 30.717h-410.568c-16.937 0-30.716-13.78-30.716-30.717v-246.566c0-16.938 13.779-30.717 30.716-30.717h410.567c16.937 0 30.716 13.779 30.716 30.717v246.566z\"><\/path><path id=\"XMLID_717_\" d=\"m318.006 318.341c10.753 0 19.5 8.748 19.5 19.5 0 5.523 4.477 10 10 10s10-4.477 10-10c0-21.78-17.72-39.5-39.5-39.5-5.523 0-10 4.478-10 10s4.477 10 10 10z\"><\/path><path id=\"XMLID_718_\" d=\"m318.006 73.532c5.523 0 10-4.478 10-10v-53.373c0-5.522-4.477-10-10-10s-10 4.477-10 10v53.373c0 5.523 4.477 10 10 10z\"><\/path><path id=\"XMLID_719_\" d=\"m365.591 73.532c2.559 0 5.119-.977 7.071-2.929l36.691-36.691c3.905-3.905 3.905-10.237-.001-14.143-3.905-3.904-10.237-3.904-14.142 0l-36.69 36.692c-3.905 3.905-3.905 10.237 0 14.143 1.953 1.952 4.512 2.928 7.071 2.928z\"><\/path><path id=\"XMLID_720_\" d=\"m263.35 70.604c1.953 1.952 4.512 2.929 7.071 2.929s5.119-.977 7.071-2.929c3.905-3.905 3.906-10.237.001-14.143l-36.691-36.691c-3.905-3.903-10.237-3.904-14.142 0-3.905 3.905-3.906 10.237-.001 14.143z\"><\/path><path id=\"XMLID_730_\" d=\"m138 245.841h-52c-5.523 0-10 4.478-10 10 0 5.523 4.477 10 10 10h52c5.523 0 10-4.477 10-10s-4.477-10-10-10z\"><\/path><path id=\"XMLID_731_\" d=\"m235.96 265.84c2.63 0 5.21-1.07 7.07-2.93s2.93-4.431 2.93-7.07c0-2.63-1.07-5.21-2.93-7.07-1.86-1.859-4.44-2.93-7.07-2.93s-5.21 1.07-7.07 2.93c-1.87 1.86-2.93 4.441-2.93 7.07 0 2.63 1.06 5.21 2.93 7.07 1.86 1.86 4.43 2.93 7.07 2.93z\"><\/path><\/g><\/g><\/svg>\t\t\t\t<\/a>\n\t\t\t<\/div>\n\t\t\t\n\t\t\t\t\t\t<div class=\"elementor-icon-box-content\">\n\n\t\t\t\t\n\t\t\t\t\t\t\t\t\t<p class=\"elementor-icon-box-description\">\n\t\t\t\t\t\tTop 15 coisas para ver e fazer na Madeira: O teu guia de viagem completo\t\t\t\t\t<\/p>\n\t\t\t\t\n\t\t\t<\/div>\n\t\t\t\n\t\t<\/div>\n\t\t\t\t\t\t<\/div>\n\t\t\t\t<\/div>\n\t\t\t\t<\/div>\n\t\t\t\t\t<\/div>\n\t\t\t\t<\/div>\n\t\t<div class=\"elementor-element elementor-element-1de4686 e-flex e-con-boxed e-con e-parent\" data-id=\"1de4686\" data-element_type=\"container\" data-e-type=\"container\" id=\"INDICE\">\n\t\t\t\t\t<div class=\"e-con-inner\">\n\t\t<div class=\"elementor-element elementor-element-7a45483 e-con-full e-flex e-con e-child\" data-id=\"7a45483\" data-element_type=\"container\" data-e-type=\"container\">\n\t\t\t\t<div class=\"elementor-element elementor-element-f35f5b2 elementor-widget elementor-widget-button\" data-id=\"f35f5b2\" data-element_type=\"widget\" data-e-type=\"widget\" data-widget_type=\"button.default\">\n\t\t\t\t<div class=\"elementor-widget-container\">\n\t\t\t\t\t\t\t\t\t<div class=\"elementor-button-wrapper\">\n\t\t\t\t\t<a class=\"elementor-button elementor-button-link elementor-size-sm\" href=\"#\">\n\t\t\t\t\t\t<span class=\"elementor-button-content-wrapper\">\n\t\t\t\t\t\t\t\t\t<span class=\"elementor-button-text\">\u00cdndice<\/span>\n\t\t\t\t\t<\/span>\n\t\t\t\t\t<\/a>\n\t\t\t\t<\/div>\n\t\t\t\t\t\t\t\t<\/div>\n\t\t\t\t<\/div>\n\t\t<div class=\"elementor-element elementor-element-deebb62 e-con-full e-grid e-con e-child\" data-id=\"deebb62\" data-element_type=\"container\" data-e-type=\"container\">\n\t\t\t\t<div class=\"elementor-element elementor-element-7ede4dc elementor-icon-list--layout-traditional elementor-list-item-link-full_width elementor-widget elementor-widget-icon-list\" data-id=\"7ede4dc\" data-element_type=\"widget\" data-e-type=\"widget\" data-widget_type=\"icon-list.default\">\n\t\t\t\t<div class=\"elementor-widget-container\">\n\t\t\t\t\t\t\t<ul class=\"elementor-icon-list-items\">\n\t\t\t\t\t\t\t<li class=\"elementor-icon-list-item\">\n\t\t\t\t\t\t\t\t\t\t\t<a href=\"#1\">\n\n\t\t\t\t\t\t\t\t\t\t\t\t<span class=\"elementor-icon-list-icon\">\n\t\t\t\t\t\t\t<svg xmlns=\"http:\/\/www.w3.org\/2000\/svg\" xmlns:xlink=\"http:\/\/www.w3.org\/1999\/xlink\" id=\"Capa_1\" x=\"0px\" y=\"0px\" viewBox=\"0 0 426.667 426.667\" style=\"enable-background:new 0 0 426.667 426.667;\" xml:space=\"preserve\"> <g> <g> <g> <path d=\"M213.333,106.667c-58.88,0-106.667,47.787-106.667,106.667S154.453,320,213.333,320S320,272.213,320,213.333 S272.213,106.667,213.333,106.667z\"><\/path> <path d=\"M213.333,0C95.467,0,0,95.467,0,213.333s95.467,213.333,213.333,213.333S426.667,331.2,426.667,213.333 S331.2,0,213.333,0z M213.333,384c-94.293,0-170.667-76.373-170.667-170.667S119.04,42.667,213.333,42.667 S384,119.04,384,213.333S307.627,384,213.333,384z\"><\/path> <\/g> <\/g> <\/g> <g> <\/g> <g> <\/g> <g> <\/g> <g> <\/g> <g> <\/g> <g> <\/g> <g> <\/g> <g> <\/g> <g> <\/g> <g> <\/g> <g> <\/g> <g> <\/g> <g> <\/g> <g> <\/g> <g> <\/g> <\/svg>\t\t\t\t\t\t<\/span>\n\t\t\t\t\t\t\t\t\t\t<span class=\"elementor-icon-list-text\">1. Mercado dos Lavradores no Funchal<\/span>\n\t\t\t\t\t\t\t\t\t\t\t<\/a>\n\t\t\t\t\t\t\t\t\t<\/li>\n\t\t\t\t\t\t\t\t<li class=\"elementor-icon-list-item\">\n\t\t\t\t\t\t\t\t\t\t\t<a href=\"#2\">\n\n\t\t\t\t\t\t\t\t\t\t\t\t<span class=\"elementor-icon-list-icon\">\n\t\t\t\t\t\t\t<svg xmlns=\"http:\/\/www.w3.org\/2000\/svg\" xmlns:xlink=\"http:\/\/www.w3.org\/1999\/xlink\" id=\"Capa_1\" x=\"0px\" y=\"0px\" viewBox=\"0 0 426.667 426.667\" style=\"enable-background:new 0 0 426.667 426.667;\" xml:space=\"preserve\"> <g> <g> <g> <path d=\"M213.333,106.667c-58.88,0-106.667,47.787-106.667,106.667S154.453,320,213.333,320S320,272.213,320,213.333 S272.213,106.667,213.333,106.667z\"><\/path> <path d=\"M213.333,0C95.467,0,0,95.467,0,213.333s95.467,213.333,213.333,213.333S426.667,331.2,426.667,213.333 S331.2,0,213.333,0z M213.333,384c-94.293,0-170.667-76.373-170.667-170.667S119.04,42.667,213.333,42.667 S384,119.04,384,213.333S307.627,384,213.333,384z\"><\/path> <\/g> <\/g> <\/g> <g> <\/g> <g> <\/g> <g> <\/g> <g> <\/g> <g> <\/g> <g> <\/g> <g> <\/g> <g> <\/g> <g> <\/g> <g> <\/g> <g> <\/g> <g> <\/g> <g> <\/g> <g> <\/g> <g> <\/g> <\/svg>\t\t\t\t\t\t<\/span>\n\t\t\t\t\t\t\t\t\t\t<span class=\"elementor-icon-list-text\">2. mercados emblem\u00e1ticos fora do Funchal<\/span>\n\t\t\t\t\t\t\t\t\t\t\t<\/a>\n\t\t\t\t\t\t\t\t\t<\/li>\n\t\t\t\t\t\t\t\t<li class=\"elementor-icon-list-item\">\n\t\t\t\t\t\t\t\t\t\t\t<a href=\"#3\">\n\n\t\t\t\t\t\t\t\t\t\t\t\t<span class=\"elementor-icon-list-icon\">\n\t\t\t\t\t\t\t<svg xmlns=\"http:\/\/www.w3.org\/2000\/svg\" xmlns:xlink=\"http:\/\/www.w3.org\/1999\/xlink\" id=\"Capa_1\" x=\"0px\" y=\"0px\" viewBox=\"0 0 426.667 426.667\" style=\"enable-background:new 0 0 426.667 426.667;\" xml:space=\"preserve\"> <g> <g> <g> <path d=\"M213.333,106.667c-58.88,0-106.667,47.787-106.667,106.667S154.453,320,213.333,320S320,272.213,320,213.333 S272.213,106.667,213.333,106.667z\"><\/path> <path d=\"M213.333,0C95.467,0,0,95.467,0,213.333s95.467,213.333,213.333,213.333S426.667,331.2,426.667,213.333 S331.2,0,213.333,0z M213.333,384c-94.293,0-170.667-76.373-170.667-170.667S119.04,42.667,213.333,42.667 S384,119.04,384,213.333S307.627,384,213.333,384z\"><\/path> <\/g> <\/g> <\/g> <g> <\/g> <g> <\/g> <g> <\/g> <g> <\/g> <g> <\/g> <g> <\/g> <g> <\/g> <g> <\/g> <g> <\/g> <g> <\/g> <g> <\/g> <g> <\/g> <g> <\/g> <g> <\/g> <g> <\/g> <\/svg>\t\t\t\t\t\t<\/span>\n\t\t\t\t\t\t\t\t\t\t<span class=\"elementor-icon-list-text\">3. Produtos t\u00edpicos dos mercados da Madeira<\/span>\n\t\t\t\t\t\t\t\t\t\t\t<\/a>\n\t\t\t\t\t\t\t\t\t<\/li>\n\t\t\t\t\t\t\t\t<li class=\"elementor-icon-list-item\">\n\t\t\t\t\t\t\t\t\t\t\t<a href=\"#4\">\n\n\t\t\t\t\t\t\t\t\t\t\t\t<span class=\"elementor-icon-list-icon\">\n\t\t\t\t\t\t\t<svg xmlns=\"http:\/\/www.w3.org\/2000\/svg\" xmlns:xlink=\"http:\/\/www.w3.org\/1999\/xlink\" id=\"Capa_1\" x=\"0px\" y=\"0px\" viewBox=\"0 0 426.667 426.667\" style=\"enable-background:new 0 0 426.667 426.667;\" xml:space=\"preserve\"> <g> <g> <g> <path d=\"M213.333,106.667c-58.88,0-106.667,47.787-106.667,106.667S154.453,320,213.333,320S320,272.213,320,213.333 S272.213,106.667,213.333,106.667z\"><\/path> <path d=\"M213.333,0C95.467,0,0,95.467,0,213.333s95.467,213.333,213.333,213.333S426.667,331.2,426.667,213.333 S331.2,0,213.333,0z M213.333,384c-94.293,0-170.667-76.373-170.667-170.667S119.04,42.667,213.333,42.667 S384,119.04,384,213.333S307.627,384,213.333,384z\"><\/path> <\/g> <\/g> <\/g> <g> <\/g> <g> <\/g> <g> <\/g> <g> <\/g> <g> <\/g> <g> <\/g> <g> <\/g> <g> <\/g> <g> <\/g> <g> <\/g> <g> <\/g> <g> <\/g> <g> <\/g> <g> <\/g> <g> <\/g> <\/svg>\t\t\t\t\t\t<\/span>\n\t\t\t\t\t\t\t\t\t\t<span class=\"elementor-icon-list-text\">4. Actividades culturais em torno dos mercados<\/span>\n\t\t\t\t\t\t\t\t\t\t\t<\/a>\n\t\t\t\t\t\t\t\t\t<\/li>\n\t\t\t\t\t\t<\/ul>\n\t\t\t\t\t\t<\/div>\n\t\t\t\t<\/div>\n\t\t\t\t<\/div>\n\t\t\t\t<\/div>\n\t\t\t\t\t<\/div>\n\t\t\t\t<\/div>\n\t\t<div class=\"elementor-element elementor-element-8da1292 e-grid e-con-boxed e-con e-parent\" data-id=\"8da1292\" data-element_type=\"container\" data-e-type=\"container\">\n\t\t\t\t\t<div class=\"e-con-inner\">\n\t\t\t\t<div class=\"elementor-element elementor-element-5083075 elementor-cta--skin-classic elementor-animated-content elementor-bg-transform elementor-bg-transform-zoom-in elementor-widget elementor-widget-call-to-action\" data-id=\"5083075\" data-element_type=\"widget\" data-e-type=\"widget\" data-widget_type=\"call-to-action.default\">\n\t\t\t\t<div class=\"elementor-widget-container\">\n\t\t\t\t\t\t\t<a class=\"elementor-cta\" href=\"https:\/\/maps.app.goo.gl\/ZA1DZ4yBae5w9zjz5\">\n\t\t\t\t\t<div class=\"elementor-cta__bg-wrapper\">\n\t\t\t\t<div class=\"elementor-cta__bg elementor-bg lazyload\" style=\"background-image:inherit;\" role=\"img\" aria-label=\"Mercado dos Lavradores uno de los mejores mercados en Madeira\" data-bg-image=\"url(https:\/\/welikemadeira.com\/wp-content\/uploads\/2025\/02\/Mercado-dos-Lavradores-1.jpg)\"><\/div>\n\t\t\t\t<div class=\"elementor-cta__bg-overlay\"><\/div>\n\t\t\t<\/div>\n\t\t\t\t\t\t\t<div class=\"elementor-cta__content\">\n\t\t\t\t\n\t\t\t\t\t\t\t\t\t<h2 class=\"elementor-cta__title elementor-cta__content-item elementor-content-item\">\n\t\t\t\t\t\tMercado dos Lavradores\t\t\t\t\t<\/h2>\n\t\t\t\t\n\t\t\t\t\n\t\t\t\t\t\t\t\t\t<div class=\"elementor-cta__button-wrapper elementor-cta__content-item elementor-content-item \">\n\t\t\t\t\t<span class=\"elementor-cta__button elementor-button elementor-size-\">\n\t\t\t\t\t\tComo l\u00e1 chegar\t\t\t\t\t<\/span>\n\t\t\t\t\t<\/div>\n\t\t\t\t\t\t\t<\/div>\n\t\t\t\t\t\t<\/a>\n\t\t\t\t\t\t<\/div>\n\t\t\t\t<\/div>\n\t\t\t\t<div class=\"elementor-element elementor-element-f1f3c45 elementor-cta--skin-classic elementor-animated-content elementor-bg-transform elementor-bg-transform-zoom-in elementor-widget elementor-widget-call-to-action\" data-id=\"f1f3c45\" data-element_type=\"widget\" data-e-type=\"widget\" data-widget_type=\"call-to-action.default\">\n\t\t\t\t<div class=\"elementor-widget-container\">\n\t\t\t\t\t\t\t<a class=\"elementor-cta\" href=\"https:\/\/maps.app.goo.gl\/YNxj4Fccrr3ot5Z36\">\n\t\t\t\t\t<div class=\"elementor-cta__bg-wrapper\">\n\t\t\t\t<div class=\"elementor-cta__bg elementor-bg lazyload\" style=\"background-image:inherit;\" role=\"img\" aria-label=\"Mercado Municipal da Ribeira Brava, uno de los mejores mercados en Madeira\" data-bg-image=\"url(https:\/\/welikemadeira.com\/wp-content\/uploads\/2025\/02\/Mercado-Municipal-da-Ribeira-Brava.jpg)\"><\/div>\n\t\t\t\t<div class=\"elementor-cta__bg-overlay\"><\/div>\n\t\t\t<\/div>\n\t\t\t\t\t\t\t<div class=\"elementor-cta__content\">\n\t\t\t\t\n\t\t\t\t\t\t\t\t\t<h2 class=\"elementor-cta__title elementor-cta__content-item elementor-content-item\">\n\t\t\t\t\t\tMercado Municipal da Ribeira Brava\t\t\t\t\t<\/h2>\n\t\t\t\t\n\t\t\t\t\n\t\t\t\t\t\t\t\t\t<div class=\"elementor-cta__button-wrapper elementor-cta__content-item elementor-content-item \">\n\t\t\t\t\t<span class=\"elementor-cta__button elementor-button elementor-size-\">\n\t\t\t\t\t\tComo l\u00e1 chegar\t\t\t\t\t<\/span>\n\t\t\t\t\t<\/div>\n\t\t\t\t\t\t\t<\/div>\n\t\t\t\t\t\t<\/a>\n\t\t\t\t\t\t<\/div>\n\t\t\t\t<\/div>\n\t\t\t\t<div class=\"elementor-element elementor-element-9791266 elementor-cta--skin-classic elementor-animated-content elementor-bg-transform elementor-bg-transform-zoom-in elementor-widget elementor-widget-call-to-action\" data-id=\"9791266\" data-element_type=\"widget\" data-e-type=\"widget\" data-widget_type=\"call-to-action.default\">\n\t\t\t\t<div class=\"elementor-widget-container\">\n\t\t\t\t\t\t\t<a class=\"elementor-cta\" href=\"https:\/\/maps.app.goo.gl\/yXmiP4LBuhPiNW87A\">\n\t\t\t\t\t<div class=\"elementor-cta__bg-wrapper\">\n\t\t\t\t<div class=\"elementor-cta__bg elementor-bg lazyload\" style=\"background-image:inherit;\" role=\"img\" aria-label=\"Mercado do Estreito de C\u00e2mara de Lobos, uno de los mejores mercados de Madeira\" data-bg-image=\"url(https:\/\/welikemadeira.com\/wp-content\/uploads\/2025\/02\/Mercado-do-Estreito-de-Camara-de-Lobos.jpg)\"><\/div>\n\t\t\t\t<div class=\"elementor-cta__bg-overlay\"><\/div>\n\t\t\t<\/div>\n\t\t\t\t\t\t\t<div class=\"elementor-cta__content\">\n\t\t\t\t\n\t\t\t\t\t\t\t\t\t<h2 class=\"elementor-cta__title elementor-cta__content-item elementor-content-item\">\n\t\t\t\t\t\tMercado do Estreito em C\u00e2mara de Lobos\t\t\t\t\t<\/h2>\n\t\t\t\t\n\t\t\t\t\n\t\t\t\t\t\t\t\t\t<div class=\"elementor-cta__button-wrapper elementor-cta__content-item elementor-content-item \">\n\t\t\t\t\t<span class=\"elementor-cta__button elementor-button elementor-size-\">\n\t\t\t\t\t\tComo l\u00e1 chegar\t\t\t\t\t<\/span>\n\t\t\t\t\t<\/div>\n\t\t\t\t\t\t\t<\/div>\n\t\t\t\t\t\t<\/a>\n\t\t\t\t\t\t<\/div>\n\t\t\t\t<\/div>\n\t\t\t\t<div class=\"elementor-element elementor-element-2b9bcc9 elementor-cta--skin-classic elementor-animated-content elementor-bg-transform elementor-bg-transform-zoom-in elementor-widget elementor-widget-call-to-action\" data-id=\"2b9bcc9\" data-element_type=\"widget\" data-e-type=\"widget\" data-widget_type=\"call-to-action.default\">\n\t\t\t\t<div class=\"elementor-widget-container\">\n\t\t\t\t\t\t\t<a class=\"elementor-cta\" href=\"https:\/\/maps.app.goo.gl\/rrAgcSWpse6NDADaA\">\n\t\t\t\t\t<div class=\"elementor-cta__bg-wrapper\">\n\t\t\t\t<div class=\"elementor-cta__bg elementor-bg lazyload\" style=\"background-image:inherit;\" role=\"img\" aria-label=\"Mercado de Santa Cruz, uno de los mejores mercados en Madeira\" data-bg-image=\"url(https:\/\/welikemadeira.com\/wp-content\/uploads\/2025\/02\/Mercado-de-Santa-Cruz.jpg)\"><\/div>\n\t\t\t\t<div class=\"elementor-cta__bg-overlay\"><\/div>\n\t\t\t<\/div>\n\t\t\t\t\t\t\t<div class=\"elementor-cta__content\">\n\t\t\t\t\n\t\t\t\t\t\t\t\t\t<h2 class=\"elementor-cta__title elementor-cta__content-item elementor-content-item\">\n\t\t\t\t\t\tMercado de Santa Cruz\t\t\t\t\t<\/h2>\n\t\t\t\t\n\t\t\t\t\n\t\t\t\t\t\t\t\t\t<div class=\"elementor-cta__button-wrapper elementor-cta__content-item elementor-content-item \">\n\t\t\t\t\t<span class=\"elementor-cta__button elementor-button elementor-size-\">\n\t\t\t\t\t\tComo l\u00e1 chegar\t\t\t\t\t<\/span>\n\t\t\t\t\t<\/div>\n\t\t\t\t\t\t\t<\/div>\n\t\t\t\t\t\t<\/a>\n\t\t\t\t\t\t<\/div>\n\t\t\t\t<\/div>\n\t\t\t\t<div class=\"elementor-element elementor-element-165c5b5 elementor-cta--skin-classic elementor-animated-content elementor-bg-transform elementor-bg-transform-zoom-in elementor-widget elementor-widget-call-to-action\" data-id=\"165c5b5\" data-element_type=\"widget\" data-e-type=\"widget\" data-widget_type=\"call-to-action.default\">\n\t\t\t\t<div class=\"elementor-widget-container\">\n\t\t\t\t\t\t\t<a class=\"elementor-cta\" href=\"https:\/\/maps.app.goo.gl\/JCU9bvnRnA1fuY516\">\n\t\t\t\t\t<div class=\"elementor-cta__bg-wrapper\">\n\t\t\t\t<div class=\"elementor-cta__bg elementor-bg lazyload\" style=\"background-image:inherit;\" role=\"img\" aria-label=\"Mercado Municipal De C\u00e2mara De Lobos uno de los mejores mercados de Madeira\" data-bg-image=\"url(https:\/\/welikemadeira.com\/wp-content\/uploads\/2025\/02\/Mercado-Municipal-De-Camara-De-Lobos.jpg)\"><\/div>\n\t\t\t\t<div class=\"elementor-cta__bg-overlay\"><\/div>\n\t\t\t<\/div>\n\t\t\t\t\t\t\t<div class=\"elementor-cta__content\">\n\t\t\t\t\n\t\t\t\t\t\t\t\t\t<h2 class=\"elementor-cta__title elementor-cta__content-item elementor-content-item\">\n\t\t\t\t\t\tMercado Municipal de C\u00e2mara de Lobos\t\t\t\t\t<\/h2>\n\t\t\t\t\n\t\t\t\t\n\t\t\t\t\t\t\t\t\t<div class=\"elementor-cta__button-wrapper elementor-cta__content-item elementor-content-item \">\n\t\t\t\t\t<span class=\"elementor-cta__button elementor-button elementor-size-\">\n\t\t\t\t\t\tComo l\u00e1 chegar\t\t\t\t\t<\/span>\n\t\t\t\t\t<\/div>\n\t\t\t\t\t\t\t<\/div>\n\t\t\t\t\t\t<\/a>\n\t\t\t\t\t\t<\/div>\n\t\t\t\t<\/div>\n\t\t\t\t<div class=\"elementor-element elementor-element-3698fa1 elementor-cta--skin-classic elementor-animated-content elementor-bg-transform elementor-bg-transform-zoom-in elementor-widget elementor-widget-call-to-action\" data-id=\"3698fa1\" data-element_type=\"widget\" data-e-type=\"widget\" data-widget_type=\"call-to-action.default\">\n\t\t\t\t<div class=\"elementor-widget-container\">\n\t\t\t\t\t\t\t<a class=\"elementor-cta\" href=\"https:\/\/maps.app.goo.gl\/B1n5MmzQjLVweX2m8\">\n\t\t\t\t\t<div class=\"elementor-cta__bg-wrapper\">\n\t\t\t\t<div class=\"elementor-cta__bg elementor-bg lazyload\" style=\"background-image:inherit;\" role=\"img\" aria-label=\"Mercado-Municipal-de-Santana\" data-bg-image=\"url(https:\/\/welikemadeira.com\/wp-content\/uploads\/2025\/02\/Mercado-Municipal-de-Santana.jpg)\"><\/div>\n\t\t\t\t<div class=\"elementor-cta__bg-overlay\"><\/div>\n\t\t\t<\/div>\n\t\t\t\t\t\t\t<div class=\"elementor-cta__content\">\n\t\t\t\t\n\t\t\t\t\t\t\t\t\t<h2 class=\"elementor-cta__title elementor-cta__content-item elementor-content-item\">\n\t\t\t\t\t\tMercado Municipal de Santana\t\t\t\t\t<\/h2>\n\t\t\t\t\n\t\t\t\t\n\t\t\t\t\t\t\t\t\t<div class=\"elementor-cta__button-wrapper elementor-cta__content-item elementor-content-item \">\n\t\t\t\t\t<span class=\"elementor-cta__button elementor-button elementor-size-\">\n\t\t\t\t\t\tComo l\u00e1 chegar\t\t\t\t\t<\/span>\n\t\t\t\t\t<\/div>\n\t\t\t\t\t\t\t<\/div>\n\t\t\t\t\t\t<\/a>\n\t\t\t\t\t\t<\/div>\n\t\t\t\t<\/div>\n\t\t\t\t<div class=\"elementor-element elementor-element-e3a2f98 elementor-cta--skin-classic elementor-animated-content elementor-bg-transform elementor-bg-transform-zoom-in elementor-widget elementor-widget-call-to-action\" data-id=\"e3a2f98\" data-element_type=\"widget\" data-e-type=\"widget\" data-widget_type=\"call-to-action.default\">\n\t\t\t\t<div class=\"elementor-widget-container\">\n\t\t\t\t\t\t\t<a class=\"elementor-cta\" href=\"https:\/\/maps.app.goo.gl\/BvPW4j3rzJBDWJNi8\">\n\t\t\t\t\t<div class=\"elementor-cta__bg-wrapper\">\n\t\t\t\t<div class=\"elementor-cta__bg elementor-bg lazyload\" style=\"background-image:inherit;\" role=\"img\" aria-label=\"Mercadinho da Camacha, uno de los mercados que ver en Madeira\" data-bg-image=\"url(https:\/\/welikemadeira.com\/wp-content\/uploads\/2025\/02\/Mercadinho-da-Camacha.jpg)\"><\/div>\n\t\t\t\t<div class=\"elementor-cta__bg-overlay\"><\/div>\n\t\t\t<\/div>\n\t\t\t\t\t\t\t<div class=\"elementor-cta__content\">\n\t\t\t\t\n\t\t\t\t\t\t\t\t\t<h2 class=\"elementor-cta__title elementor-cta__content-item elementor-content-item\">\n\t\t\t\t\t\tMercadinho da Camacha\t\t\t\t\t<\/h2>\n\t\t\t\t\n\t\t\t\t\n\t\t\t\t\t\t\t\t\t<div class=\"elementor-cta__button-wrapper elementor-cta__content-item elementor-content-item \">\n\t\t\t\t\t<span class=\"elementor-cta__button elementor-button elementor-size-\">\n\t\t\t\t\t\tComo l\u00e1 chegar\t\t\t\t\t<\/span>\n\t\t\t\t\t<\/div>\n\t\t\t\t\t\t\t<\/div>\n\t\t\t\t\t\t<\/a>\n\t\t\t\t\t\t<\/div>\n\t\t\t\t<\/div>\n\t\t\t\t<div class=\"elementor-element elementor-element-a80200f elementor-cta--skin-classic elementor-animated-content elementor-bg-transform elementor-bg-transform-zoom-in elementor-widget elementor-widget-call-to-action\" data-id=\"a80200f\" data-element_type=\"widget\" data-e-type=\"widget\" data-widget_type=\"call-to-action.default\">\n\t\t\t\t<div class=\"elementor-widget-container\">\n\t\t\t\t\t\t\t<a class=\"elementor-cta\" href=\"https:\/\/maps.app.goo.gl\/Vsp38amqRyq4RnzP9\">\n\t\t\t\t\t<div class=\"elementor-cta__bg-wrapper\">\n\t\t\t\t<div class=\"elementor-cta__bg elementor-bg lazyload\" style=\"background-image:inherit;\" role=\"img\" aria-label=\"Mercado-de-Natal-Christmas-Market\" data-bg-image=\"url(https:\/\/welikemadeira.com\/wp-content\/uploads\/2025\/02\/Mercado-de-Natal-Christmas-Market.jpg)\"><\/div>\n\t\t\t\t<div class=\"elementor-cta__bg-overlay\"><\/div>\n\t\t\t<\/div>\n\t\t\t\t\t\t\t<div class=\"elementor-cta__content\">\n\t\t\t\t\n\t\t\t\t\t\t\t\t\t<h2 class=\"elementor-cta__title elementor-cta__content-item elementor-content-item\">\n\t\t\t\t\t\tMuseu A Cidade do A\u00e7\u00facar\t\t\t\t\t<\/h2>\n\t\t\t\t\n\t\t\t\t\n\t\t\t\t\t\t\t\t\t<div class=\"elementor-cta__button-wrapper elementor-cta__content-item elementor-content-item \">\n\t\t\t\t\t<span class=\"elementor-cta__button elementor-button elementor-size-\">\n\t\t\t\t\t\tComo l\u00e1 chegar\t\t\t\t\t<\/span>\n\t\t\t\t\t<\/div>\n\t\t\t\t\t\t\t<\/div>\n\t\t\t\t\t\t<\/a>\n\t\t\t\t\t\t<\/div>\n\t\t\t\t<\/div>\n\t\t\t\t\t<\/div>\n\t\t\t\t<\/div>\n\t\t<div class=\"elementor-element elementor-element-20e3c6d e-flex e-con-boxed e-con e-parent\" data-id=\"20e3c6d\" data-element_type=\"container\" data-e-type=\"container\">\n\t\t\t\t\t<div class=\"e-con-inner\">\n\t\t\t\t<div class=\"elementor-element elementor-element-afaf669 elementor-widget-divider--view-line elementor-widget elementor-widget-divider\" data-id=\"afaf669\" data-element_type=\"widget\" data-e-type=\"widget\" data-widget_type=\"divider.default\">\n\t\t\t\t<div class=\"elementor-widget-container\">\n\t\t\t\t\t\t\t<div class=\"elementor-divider\">\n\t\t\t<span class=\"elementor-divider-separator\">\n\t\t\t\t\t\t<\/span>\n\t\t<\/div>\n\t\t\t\t\t\t<\/div>\n\t\t\t\t<\/div>\n\t\t\t\t\t<\/div>\n\t\t\t\t<\/div>\n\t\t<div class=\"elementor-element elementor-element-2920adf e-flex e-con-boxed e-con e-parent\" data-id=\"2920adf\" data-element_type=\"container\" data-e-type=\"container\" data-settings=\"{&quot;background_background&quot;:&quot;classic&quot;,&quot;background_motion_fx_motion_fx_scrolling&quot;:&quot;yes&quot;,&quot;shape_divider_bottom&quot;:&quot;wave-brush&quot;,&quot;background_motion_fx_devices&quot;:[&quot;desktop&quot;,&quot;tablet&quot;,&quot;mobile&quot;]}\">\n\t\t\t\t\t<div class=\"e-con-inner\">\n\t\t\t\t<div class=\"elementor-shape elementor-shape-bottom\" aria-hidden=\"true\" data-negative=\"false\">\n\t\t\t<svg xmlns=\"http:\/\/www.w3.org\/2000\/svg\" viewBox=\"0 0 283.5 27.8\" preserveAspectRatio=\"none\">\n\t<path class=\"elementor-shape-fill\" d=\"M283.5,9.7c0,0-7.3,4.3-14,4.6c-6.8,0.3-12.6,0-20.9-1.5c-11.3-2-33.1-10.1-44.7-5.7\ts-12.1,4.6-18,7.4c-6.6,3.2-20,9.6-36.6,9.3C131.6,23.5,99.5,7.2,86.3,8c-1.4,0.1-6.6,0.8-10.5,2c-3.8,1.2-9.4,3.8-17,4.7\tc-3.2,0.4-8.3,1.1-14.2,0.9c-1.5-0.1-6.3-0.4-12-1.6c-5.7-1.2-11-3.1-15.8-3.7C6.5,9.2,0,10.8,0,10.8V0h283.5V9.7z M260.8,11.3\tc-0.7-1-2-0.4-4.3-0.4c-2.3,0-6.1-1.2-5.8-1.1c0.3,0.1,3.1,1.5,6,1.9C259.7,12.2,261.4,12.3,260.8,11.3z M242.4,8.6\tc0,0-2.4-0.2-5.6-0.9c-3.2-0.8-10.3-2.8-15.1-3.5c-8.2-1.1-15.8,0-15.1,0.1c0.8,0.1,9.6-0.6,17.6,1.1c3.3,0.7,9.3,2.2,12.4,2.7\tC239.9,8.7,242.4,8.6,242.4,8.6z M185.2,8.5c1.7-0.7-13.3,4.7-18.5,6.1c-2.1,0.6-6.2,1.6-10,2c-3.9,0.4-8.9,0.4-8.8,0.5\tc0,0.2,5.8,0.8,11.2,0c5.4-0.8,5.2-1.1,7.6-1.6C170.5,14.7,183.5,9.2,185.2,8.5z M199.1,6.9c0.2,0-0.8-0.4-4.8,1.1\tc-4,1.5-6.7,3.5-6.9,3.7c-0.2,0.1,3.5-1.8,6.6-3C197,7.5,199,6.9,199.1,6.9z M283,6c-0.1,0.1-1.9,1.1-4.8,2.5s-6.9,2.8-6.7,2.7\tc0.2,0,3.5-0.6,7.4-2.5C282.8,6.8,283.1,5.9,283,6z M31.3,11.6c0.1-0.2-1.9-0.2-4.5-1.2s-5.4-1.6-7.8-2C15,7.6,7.3,8.5,7.7,8.6\tC8,8.7,15.9,8.3,20.2,9.3c2.2,0.5,2.4,0.5,5.7,1.6S31.2,11.9,31.3,11.6z M73,9.2c0.4-0.1,3.5-1.6,8.4-2.6c4.9-1.1,8.9-0.5,8.9-0.8\tc0-0.3-1-0.9-6.2-0.3S72.6,9.3,73,9.2z M71.6,6.7C71.8,6.8,75,5.4,77.3,5c2.3-0.3,1.9-0.5,1.9-0.6c0-0.1-1.1-0.2-2.7,0.2\tC74.8,5.1,71.4,6.6,71.6,6.7z M93.6,4.4c0.1,0.2,3.5,0.8,5.6,1.8c2.1,1,1.8,0.6,1.9,0.5c0.1-0.1-0.8-0.8-2.4-1.3\tC97.1,4.8,93.5,4.2,93.6,4.4z M65.4,11.1c-0.1,0.3,0.3,0.5,1.9-0.2s2.6-1.3,2.2-1.2s-0.9,0.4-2.5,0.8C65.3,10.9,65.5,10.8,65.4,11.1\tz M34.5,12.4c-0.2,0,2.1,0.8,3.3,0.9c1.2,0.1,2,0.1,2-0.2c0-0.3-0.1-0.5-1.6-0.4C36.6,12.8,34.7,12.4,34.5,12.4z M152.2,21.1\tc-0.1,0.1-2.4-0.3-7.5-0.3c-5,0-13.6-2.4-17.2-3.5c-3.6-1.1,10,3.9,16.5,4.1C150.5,21.6,152.3,21,152.2,21.1z\"\/>\n\t<path class=\"elementor-shape-fill\" d=\"M269.6,18c-0.1-0.1-4.6,0.3-7.2,0c-7.3-0.7-17-3.2-16.6-2.9c0.4,0.3,13.7,3.1,17,3.3\tC267.7,18.8,269.7,18,269.6,18z\"\/>\n\t<path class=\"elementor-shape-fill\" d=\"M227.4,9.8c-0.2-0.1-4.5-1-9.5-1.2c-5-0.2-12.7,0.6-12.3,0.5c0.3-0.1,5.9-1.8,13.3-1.2\tS227.6,9.9,227.4,9.8z\"\/>\n\t<path class=\"elementor-shape-fill\" d=\"M204.5,13.4c-0.1-0.1,2-1,3.2-1.1c1.2-0.1,2,0,2,0.3c0,0.3-0.1,0.5-1.6,0.4\tC206.4,12.9,204.6,13.5,204.5,13.4z\"\/>\n\t<path class=\"elementor-shape-fill\" d=\"M201,10.6c0-0.1-4.4,1.2-6.3,2.2c-1.9,0.9-6.2,3.1-6.1,3.1c0.1,0.1,4.2-1.6,6.3-2.6\tS201,10.7,201,10.6z\"\/>\n\t<path class=\"elementor-shape-fill\" d=\"M154.5,26.7c-0.1-0.1-4.6,0.3-7.2,0c-7.3-0.7-17-3.2-16.6-2.9c0.4,0.3,13.7,3.1,17,3.3\tC152.6,27.5,154.6,26.8,154.5,26.7z\"\/>\n\t<path class=\"elementor-shape-fill\" d=\"M41.9,19.3c0,0,1.2-0.3,2.9-0.1c1.7,0.2,5.8,0.9,8.2,0.7c4.2-0.4,7.4-2.7,7-2.6\tc-0.4,0-4.3,2.2-8.6,1.9c-1.8-0.1-5.1-0.5-6.7-0.4S41.9,19.3,41.9,19.3z\"\/>\n\t<path class=\"elementor-shape-fill\" d=\"M75.5,12.6c0.2,0.1,2-0.8,4.3-1.1c2.3-0.2,2.1-0.3,2.1-0.5c0-0.1-1.8-0.4-3.4,0\tC76.9,11.5,75.3,12.5,75.5,12.6z\"\/>\n\t<path class=\"elementor-shape-fill\" d=\"M15.6,13.2c0-0.1,4.3,0,6.7,0.5c2.4,0.5,5,1.9,5,2c0,0.1-2.7-0.8-5.1-1.4\tC19.9,13.7,15.7,13.3,15.6,13.2z\"\/>\n<\/svg>\t\t<\/div>\n\t\t<div class=\"elementor-element elementor-element-0df4348 e-con-full e-flex e-con e-child\" data-id=\"0df4348\" data-element_type=\"container\" data-e-type=\"container\">\n\t\t\t\t<div class=\"elementor-element elementor-element-0294fe4 elementor-widget__width-initial elementor-widget-mobile__width-initial elementor-widget elementor-widget-heading\" data-id=\"0294fe4\" data-element_type=\"widget\" data-e-type=\"widget\" id=\"1\" data-widget_type=\"heading.default\">\n\t\t\t\t<div class=\"elementor-widget-container\">\n\t\t\t\t\t<h2 class=\"elementor-heading-title elementor-size-default\">Mercado dos Lavradores no Funchal<\/h2>\t\t\t\t<\/div>\n\t\t\t\t<\/div>\n\t\t\t\t<\/div>\n\t\t\t\t\t<\/div>\n\t\t\t\t<\/div>\n\t\t<div class=\"elementor-element elementor-element-fb01c47 e-flex e-con-boxed e-con e-parent\" data-id=\"fb01c47\" data-element_type=\"container\" data-e-type=\"container\">\n\t\t\t\t\t<div class=\"e-con-inner\">\n\t\t\t\t<div class=\"elementor-element elementor-element-50f38f7 elementor-widget elementor-widget-heading\" data-id=\"50f38f7\" data-element_type=\"widget\" data-e-type=\"widget\" data-widget_type=\"heading.default\">\n\t\t\t\t<div class=\"elementor-widget-container\">\n\t\t\t\t\t<p class=\"elementor-heading-title elementor-size-default\">O Mercado dos Lavradores \u00e9 o centro da vida local no Funchal, atraindo tanto residentes como turistas. Este mercado \u00e9 conhecido pelo seu ambiente vibrante e pela diversidade de produtos frescos e artesanais. <\/p>\t\t\t\t<\/div>\n\t\t\t\t<\/div>\n\t\t\t\t\t<\/div>\n\t\t\t\t<\/div>\n\t\t<div class=\"elementor-element elementor-element-84c2b33 e-flex e-con-boxed e-con e-parent\" data-id=\"84c2b33\" data-element_type=\"container\" data-e-type=\"container\">\n\t\t\t\t\t<div class=\"e-con-inner\">\n\t\t<div class=\"elementor-element elementor-element-99d280a e-con-full e-flex e-con e-child\" data-id=\"99d280a\" data-element_type=\"container\" data-e-type=\"container\">\n\t\t\t\t<div class=\"elementor-element elementor-element-f62a47d elementor-widget elementor-widget-image\" data-id=\"f62a47d\" data-element_type=\"widget\" data-e-type=\"widget\" data-widget_type=\"image.default\">\n\t\t\t\t<div class=\"elementor-widget-container\">\n\t\t\t\t\t\t\t\t\t\t\t\t\t\t\t<img fetchpriority=\"high\" decoding=\"async\" width=\"800\" height=\"600\" src=\"https:\/\/welikemadeira.com\/wp-content\/uploads\/2025\/02\/mercado-dos-lavradores-madeira--1024x768.jpg\" class=\"attachment-large size-large wp-image-4287\" alt=\"Mercado dos Lavradores en Madeira, uno de los mejores mercados\" srcset=\"https:\/\/welikemadeira.com\/wp-content\/uploads\/2025\/02\/mercado-dos-lavradores-madeira--1024x768.jpg 1024w, https:\/\/welikemadeira.com\/wp-content\/uploads\/2025\/02\/mercado-dos-lavradores-madeira--300x225.jpg 300w, https:\/\/welikemadeira.com\/wp-content\/uploads\/2025\/02\/mercado-dos-lavradores-madeira--768x576.jpg 768w, https:\/\/welikemadeira.com\/wp-content\/uploads\/2025\/02\/mercado-dos-lavradores-madeira-.jpg 1440w\" sizes=\"(max-width: 800px) 100vw, 800px\" \/>\t\t\t\t\t\t\t\t\t\t\t\t\t\t\t<\/div>\n\t\t\t\t<\/div>\n\t\t\t\t<\/div>\n\t\t<div class=\"elementor-element elementor-element-874e73d e-con-full e-flex e-con e-child\" data-id=\"874e73d\" data-element_type=\"container\" data-e-type=\"container\">\n\t\t\t\t<div class=\"elementor-element elementor-element-5a919e5 elementor-widget elementor-widget-heading\" data-id=\"5a919e5\" data-element_type=\"widget\" data-e-type=\"widget\" data-widget_type=\"heading.default\">\n\t\t\t\t<div class=\"elementor-widget-container\">\n\t\t\t\t\t<h3 class=\"elementor-heading-title elementor-size-default\">Hist\u00f3ria e arquitetura do mercado<\/h3>\t\t\t\t<\/div>\n\t\t\t\t<\/div>\n\t\t\t\t<div class=\"elementor-element elementor-element-aa93fee elementor-widget-divider--view-line elementor-widget elementor-widget-divider\" data-id=\"aa93fee\" data-element_type=\"widget\" data-e-type=\"widget\" data-widget_type=\"divider.default\">\n\t\t\t\t<div class=\"elementor-widget-container\">\n\t\t\t\t\t\t\t<div class=\"elementor-divider\">\n\t\t\t<span class=\"elementor-divider-separator\">\n\t\t\t\t\t\t<\/span>\n\t\t<\/div>\n\t\t\t\t\t\t<\/div>\n\t\t\t\t<\/div>\n\t\t\t\t<div class=\"elementor-element elementor-element-a5c52ca elementor-widget elementor-widget-text-editor\" data-id=\"a5c52ca\" data-element_type=\"widget\" data-e-type=\"widget\" data-widget_type=\"text-editor.default\">\n\t\t\t\t<div class=\"elementor-widget-container\">\n\t\t\t\t\t\t\t\t\t<p>Inaugurado em 1940, o Mercado dos Lavradores foi projetado pelo arquiteto Edmundo Tavares. Sua arquitetura combina elementos contempor\u00e2neos e tradicionais. A fachada \u00e9 decorada com cer\u00e2micas Batisttini, que retratam a rica hist\u00f3ria da regi\u00e3o.  <\/p>\n\t\t\t\t\t\t\t\t<\/div>\n\t\t\t\t<\/div>\n\t\t\t\t<\/div>\n\t\t\t\t\t<\/div>\n\t\t\t\t<\/div>\n\t\t<div class=\"elementor-element elementor-element-d594c3a e-flex e-con-boxed e-con e-parent\" data-id=\"d594c3a\" data-element_type=\"container\" data-e-type=\"container\">\n\t\t\t\t\t<div class=\"e-con-inner\">\n\t\t<div class=\"elementor-element elementor-element-e0eb4b0 e-con-full e-flex e-con e-child\" data-id=\"e0eb4b0\" data-element_type=\"container\" data-e-type=\"container\">\n\t\t\t\t<div class=\"elementor-element elementor-element-d512fbc elementor-widget elementor-widget-image\" data-id=\"d512fbc\" data-element_type=\"widget\" data-e-type=\"widget\" data-widget_type=\"image.default\">\n\t\t\t\t<div class=\"elementor-widget-container\">\n\t\t\t\t\t\t\t\t\t\t\t\t\t\t\t<img decoding=\"async\" width=\"800\" height=\"600\" data-src=\"https:\/\/welikemadeira.com\/wp-content\/uploads\/2025\/02\/frutas-mercado-1024x768.jpg\" class=\"attachment-large size-large wp-image-4291 lazyload\" alt=\"Mercado dos lavradores\" data-srcset=\"https:\/\/welikemadeira.com\/wp-content\/uploads\/2025\/02\/frutas-mercado-1024x768.jpg 1024w, https:\/\/welikemadeira.com\/wp-content\/uploads\/2025\/02\/frutas-mercado-300x225.jpg 300w, https:\/\/welikemadeira.com\/wp-content\/uploads\/2025\/02\/frutas-mercado-768x576.jpg 768w, https:\/\/welikemadeira.com\/wp-content\/uploads\/2025\/02\/frutas-mercado.jpg 1440w\" data-sizes=\"(max-width: 800px) 100vw, 800px\" src=\"data:image\/svg+xml;base64,PHN2ZyB3aWR0aD0iMSIgaGVpZ2h0PSIxIiB4bWxucz0iaHR0cDovL3d3dy53My5vcmcvMjAwMC9zdmciPjwvc3ZnPg==\" style=\"--smush-placeholder-width: 800px; --smush-placeholder-aspect-ratio: 800\/600;\" \/>\t\t\t\t\t\t\t\t\t\t\t\t\t\t\t<\/div>\n\t\t\t\t<\/div>\n\t\t\t\t<\/div>\n\t\t<div class=\"elementor-element elementor-element-db8869d e-con-full e-flex e-con e-child\" data-id=\"db8869d\" data-element_type=\"container\" data-e-type=\"container\">\n\t\t\t\t<div class=\"elementor-element elementor-element-cd78ab8 elementor-widget elementor-widget-heading\" data-id=\"cd78ab8\" data-element_type=\"widget\" data-e-type=\"widget\" data-widget_type=\"heading.default\">\n\t\t\t\t<div class=\"elementor-widget-container\">\n\t\t\t\t\t<h3 class=\"elementor-heading-title elementor-size-default\">Produtos em destaque no Mercado dos Lavradores<\/h3>\t\t\t\t<\/div>\n\t\t\t\t<\/div>\n\t\t\t\t<div class=\"elementor-element elementor-element-b8cd255 elementor-widget-divider--view-line elementor-widget elementor-widget-divider\" data-id=\"b8cd255\" data-element_type=\"widget\" data-e-type=\"widget\" data-widget_type=\"divider.default\">\n\t\t\t\t<div class=\"elementor-widget-container\">\n\t\t\t\t\t\t\t<div class=\"elementor-divider\">\n\t\t\t<span class=\"elementor-divider-separator\">\n\t\t\t\t\t\t<\/span>\n\t\t<\/div>\n\t\t\t\t\t\t<\/div>\n\t\t\t\t<\/div>\n\t\t\t\t<div class=\"elementor-element elementor-element-8b1f89f elementor-widget elementor-widget-text-editor\" data-id=\"8b1f89f\" data-element_type=\"widget\" data-e-type=\"widget\" data-widget_type=\"text-editor.default\">\n\t\t\t\t<div class=\"elementor-widget-container\">\n\t\t\t\t\t\t\t\t\t<p>No interior, os visitantes descobrir\u00e3o uma variedade de ofertas, entre as quais se destacam as seguintes:<\/p>\n<ul>\n<li><strong>Frutos tropicais:<\/strong> anan\u00e1s, anan\u00e1s, anan\u00e1s e maracuj\u00e1, bem como a emblem\u00e1tica carambola.<\/li>\n<li><strong>Legumes e legumes:<\/strong> frescos e cultivados localmente, mostrando a riqueza agr\u00edcola da Madeira.<\/li>\n<li><strong>Peixes e mariscos:<\/strong> na zona da Pra\u00e7a do Peixe, o atum e o sargo s\u00e3o cortados vivos.<\/li>\n<li><strong>Licores e doces:<\/strong> produtos locais que s\u00e3o ideais como lembran\u00e7as da ilha.<\/li>\n<\/ul>\n\t\t\t\t\t\t\t\t<\/div>\n\t\t\t\t<\/div>\n\t\t\t\t<\/div>\n\t\t\t\t\t<\/div>\n\t\t\t\t<\/div>\n\t\t<div class=\"elementor-element elementor-element-0d06297 e-flex e-con-boxed e-con e-parent\" data-id=\"0d06297\" data-element_type=\"container\" data-e-type=\"container\">\n\t\t\t\t\t<div class=\"e-con-inner\">\n\t\t<div class=\"elementor-element elementor-element-73cc28d e-con-full e-flex e-con e-child\" data-id=\"73cc28d\" data-element_type=\"container\" data-e-type=\"container\">\n\t\t\t\t<div class=\"elementor-element elementor-element-2d955ea elementor-widget elementor-widget-image\" data-id=\"2d955ea\" data-element_type=\"widget\" data-e-type=\"widget\" data-widget_type=\"image.default\">\n\t\t\t\t<div class=\"elementor-widget-container\">\n\t\t\t\t\t\t\t\t\t\t\t\t\t\t\t<img decoding=\"async\" width=\"800\" height=\"600\" data-src=\"https:\/\/welikemadeira.com\/wp-content\/uploads\/2025\/02\/mercado-dos-lavradores-madeira-portugal-1024x768.jpg\" class=\"attachment-large size-large wp-image-4283 lazyload\" alt=\"\" data-srcset=\"https:\/\/welikemadeira.com\/wp-content\/uploads\/2025\/02\/mercado-dos-lavradores-madeira-portugal-1024x768.jpg 1024w, https:\/\/welikemadeira.com\/wp-content\/uploads\/2025\/02\/mercado-dos-lavradores-madeira-portugal-300x225.jpg 300w, https:\/\/welikemadeira.com\/wp-content\/uploads\/2025\/02\/mercado-dos-lavradores-madeira-portugal-768x576.jpg 768w, https:\/\/welikemadeira.com\/wp-content\/uploads\/2025\/02\/mercado-dos-lavradores-madeira-portugal.jpg 1200w\" data-sizes=\"(max-width: 800px) 100vw, 800px\" src=\"data:image\/svg+xml;base64,PHN2ZyB3aWR0aD0iMSIgaGVpZ2h0PSIxIiB4bWxucz0iaHR0cDovL3d3dy53My5vcmcvMjAwMC9zdmciPjwvc3ZnPg==\" style=\"--smush-placeholder-width: 800px; --smush-placeholder-aspect-ratio: 800\/600;\" \/>\t\t\t\t\t\t\t\t\t\t\t\t\t\t\t<\/div>\n\t\t\t\t<\/div>\n\t\t\t\t<\/div>\n\t\t<div class=\"elementor-element elementor-element-36f102d e-con-full e-flex e-con e-child\" data-id=\"36f102d\" data-element_type=\"container\" data-e-type=\"container\">\n\t\t\t\t<div class=\"elementor-element elementor-element-21b7787 elementor-widget elementor-widget-heading\" data-id=\"21b7787\" data-element_type=\"widget\" data-e-type=\"widget\" data-widget_type=\"heading.default\">\n\t\t\t\t<div class=\"elementor-widget-container\">\n\t\t\t\t\t<h3 class=\"elementor-heading-title elementor-size-default\">Hor\u00e1rio e acesso ao mercado<\/h3>\t\t\t\t<\/div>\n\t\t\t\t<\/div>\n\t\t\t\t<div class=\"elementor-element elementor-element-f8552fd elementor-widget-divider--view-line elementor-widget elementor-widget-divider\" data-id=\"f8552fd\" data-element_type=\"widget\" data-e-type=\"widget\" data-widget_type=\"divider.default\">\n\t\t\t\t<div class=\"elementor-widget-container\">\n\t\t\t\t\t\t\t<div class=\"elementor-divider\">\n\t\t\t<span class=\"elementor-divider-separator\">\n\t\t\t\t\t\t<\/span>\n\t\t<\/div>\n\t\t\t\t\t\t<\/div>\n\t\t\t\t<\/div>\n\t\t\t\t<div class=\"elementor-element elementor-element-b16a70d elementor-widget elementor-widget-text-editor\" data-id=\"b16a70d\" data-element_type=\"widget\" data-e-type=\"widget\" data-widget_type=\"text-editor.default\">\n\t\t\t\t<div class=\"elementor-widget-container\">\n\t\t\t\t\t\t\t\t\t<p>O Mercado dos Lavradores est\u00e1 aberto de segunda a quinta-feira das 08:00 \u00e0s 19:00, e \u00e0s sextas-feiras das 07:00 \u00e0s 20:00. Aos s\u00e1bados est\u00e1 dispon\u00edvel das 07:00 \u00e0s 14:00, encerrando aos domingos e feriados. A sua localiza\u00e7\u00e3o, a apenas 550 metros da S\u00e9 Catedral do Funchal, permite um f\u00e1cil acesso para quem explora a cidade a p\u00e9.  <\/p>\n\t\t\t\t\t\t\t\t<\/div>\n\t\t\t\t<\/div>\n\t\t\t\t<div class=\"elementor-element elementor-element-44b2c3b pa-icon-pos-after premium-lq__none elementor-widget elementor-widget-premium-addon-button\" data-id=\"44b2c3b\" data-element_type=\"widget\" data-e-type=\"widget\" data-widget_type=\"premium-addon-button.default\">\n\t\t\t\t<div class=\"elementor-widget-container\">\n\t\t\t\t\t\n\n\t\t<a class=\"premium-button premium-button-none premium-btn-md premium-button-none\" href=\"#INDICE\">\n\t\t\t<div class=\"premium-button-text-icon-wrapper\">\n\t\t\t\t\n\t\t\t\t\t\t\t\t\t\t\t\t\t\t\t\t\t\t<svg class=\"svg-inline--fas-fa-level-up-alt premium-drawable-icon premium-svg-nodraw\" aria-hidden='true' xmlns='http:\/\/www.w3.org\/2000\/svg' viewBox='0 0 320 512'><path d=\"M313.553 119.669L209.587 7.666c-9.485-10.214-25.676-10.229-35.174 0L70.438 119.669C56.232 134.969 67.062 160 88.025 160H152v272H68.024a11.996 11.996 0 0 0-8.485 3.515l-56 56C-4.021 499.074 1.333 512 12.024 512H208c13.255 0 24-10.745 24-24V160h63.966c20.878 0 31.851-24.969 17.587-40.331z\"><\/path><\/svg>\t\t\t\t\t\t\t\t\t\t\t\t\t\t\t\n\t\t\t\t\t\t\t\t\t<span >\n\t\t\t\t\t\t\u00cdNDICE\t\t\t\t\t<\/span>\n\t\t\t\t\t\t\t<\/div>\n\n\t\t\t\n\t\t\t\n\t\t\t\n\t\t<\/a>\n\n\n\t\t\t\t\t\t<\/div>\n\t\t\t\t<\/div>\n\t\t\t\t<\/div>\n\t\t\t\t\t<\/div>\n\t\t\t\t<\/div>\n\t\t<div class=\"elementor-element elementor-element-dc8d5fc e-flex e-con-boxed e-con e-parent\" data-id=\"dc8d5fc\" data-element_type=\"container\" data-e-type=\"container\">\n\t\t\t\t\t<div class=\"e-con-inner\">\n\t\t\t\t<div class=\"elementor-element elementor-element-88e4e1b elementor-widget-divider--view-line elementor-widget elementor-widget-divider\" data-id=\"88e4e1b\" data-element_type=\"widget\" data-e-type=\"widget\" data-widget_type=\"divider.default\">\n\t\t\t\t<div class=\"elementor-widget-container\">\n\t\t\t\t\t\t\t<div class=\"elementor-divider\">\n\t\t\t<span class=\"elementor-divider-separator\">\n\t\t\t\t\t\t<\/span>\n\t\t<\/div>\n\t\t\t\t\t\t<\/div>\n\t\t\t\t<\/div>\n\t\t\t\t\t<\/div>\n\t\t\t\t<\/div>\n\t\t<div class=\"elementor-element elementor-element-a1a8383 e-flex e-con-boxed e-con e-parent\" data-id=\"a1a8383\" data-element_type=\"container\" data-e-type=\"container\" data-settings=\"{&quot;background_background&quot;:&quot;classic&quot;,&quot;background_motion_fx_motion_fx_scrolling&quot;:&quot;yes&quot;,&quot;shape_divider_bottom&quot;:&quot;wave-brush&quot;,&quot;background_motion_fx_devices&quot;:[&quot;desktop&quot;,&quot;tablet&quot;,&quot;mobile&quot;]}\">\n\t\t\t\t\t<div class=\"e-con-inner\">\n\t\t\t\t<div class=\"elementor-shape elementor-shape-bottom\" aria-hidden=\"true\" data-negative=\"false\">\n\t\t\t<svg xmlns=\"http:\/\/www.w3.org\/2000\/svg\" viewBox=\"0 0 283.5 27.8\" preserveAspectRatio=\"none\">\n\t<path class=\"elementor-shape-fill\" d=\"M283.5,9.7c0,0-7.3,4.3-14,4.6c-6.8,0.3-12.6,0-20.9-1.5c-11.3-2-33.1-10.1-44.7-5.7\ts-12.1,4.6-18,7.4c-6.6,3.2-20,9.6-36.6,9.3C131.6,23.5,99.5,7.2,86.3,8c-1.4,0.1-6.6,0.8-10.5,2c-3.8,1.2-9.4,3.8-17,4.7\tc-3.2,0.4-8.3,1.1-14.2,0.9c-1.5-0.1-6.3-0.4-12-1.6c-5.7-1.2-11-3.1-15.8-3.7C6.5,9.2,0,10.8,0,10.8V0h283.5V9.7z M260.8,11.3\tc-0.7-1-2-0.4-4.3-0.4c-2.3,0-6.1-1.2-5.8-1.1c0.3,0.1,3.1,1.5,6,1.9C259.7,12.2,261.4,12.3,260.8,11.3z M242.4,8.6\tc0,0-2.4-0.2-5.6-0.9c-3.2-0.8-10.3-2.8-15.1-3.5c-8.2-1.1-15.8,0-15.1,0.1c0.8,0.1,9.6-0.6,17.6,1.1c3.3,0.7,9.3,2.2,12.4,2.7\tC239.9,8.7,242.4,8.6,242.4,8.6z M185.2,8.5c1.7-0.7-13.3,4.7-18.5,6.1c-2.1,0.6-6.2,1.6-10,2c-3.9,0.4-8.9,0.4-8.8,0.5\tc0,0.2,5.8,0.8,11.2,0c5.4-0.8,5.2-1.1,7.6-1.6C170.5,14.7,183.5,9.2,185.2,8.5z M199.1,6.9c0.2,0-0.8-0.4-4.8,1.1\tc-4,1.5-6.7,3.5-6.9,3.7c-0.2,0.1,3.5-1.8,6.6-3C197,7.5,199,6.9,199.1,6.9z M283,6c-0.1,0.1-1.9,1.1-4.8,2.5s-6.9,2.8-6.7,2.7\tc0.2,0,3.5-0.6,7.4-2.5C282.8,6.8,283.1,5.9,283,6z M31.3,11.6c0.1-0.2-1.9-0.2-4.5-1.2s-5.4-1.6-7.8-2C15,7.6,7.3,8.5,7.7,8.6\tC8,8.7,15.9,8.3,20.2,9.3c2.2,0.5,2.4,0.5,5.7,1.6S31.2,11.9,31.3,11.6z M73,9.2c0.4-0.1,3.5-1.6,8.4-2.6c4.9-1.1,8.9-0.5,8.9-0.8\tc0-0.3-1-0.9-6.2-0.3S72.6,9.3,73,9.2z M71.6,6.7C71.8,6.8,75,5.4,77.3,5c2.3-0.3,1.9-0.5,1.9-0.6c0-0.1-1.1-0.2-2.7,0.2\tC74.8,5.1,71.4,6.6,71.6,6.7z M93.6,4.4c0.1,0.2,3.5,0.8,5.6,1.8c2.1,1,1.8,0.6,1.9,0.5c0.1-0.1-0.8-0.8-2.4-1.3\tC97.1,4.8,93.5,4.2,93.6,4.4z M65.4,11.1c-0.1,0.3,0.3,0.5,1.9-0.2s2.6-1.3,2.2-1.2s-0.9,0.4-2.5,0.8C65.3,10.9,65.5,10.8,65.4,11.1\tz M34.5,12.4c-0.2,0,2.1,0.8,3.3,0.9c1.2,0.1,2,0.1,2-0.2c0-0.3-0.1-0.5-1.6-0.4C36.6,12.8,34.7,12.4,34.5,12.4z M152.2,21.1\tc-0.1,0.1-2.4-0.3-7.5-0.3c-5,0-13.6-2.4-17.2-3.5c-3.6-1.1,10,3.9,16.5,4.1C150.5,21.6,152.3,21,152.2,21.1z\"\/>\n\t<path class=\"elementor-shape-fill\" d=\"M269.6,18c-0.1-0.1-4.6,0.3-7.2,0c-7.3-0.7-17-3.2-16.6-2.9c0.4,0.3,13.7,3.1,17,3.3\tC267.7,18.8,269.7,18,269.6,18z\"\/>\n\t<path class=\"elementor-shape-fill\" d=\"M227.4,9.8c-0.2-0.1-4.5-1-9.5-1.2c-5-0.2-12.7,0.6-12.3,0.5c0.3-0.1,5.9-1.8,13.3-1.2\tS227.6,9.9,227.4,9.8z\"\/>\n\t<path class=\"elementor-shape-fill\" d=\"M204.5,13.4c-0.1-0.1,2-1,3.2-1.1c1.2-0.1,2,0,2,0.3c0,0.3-0.1,0.5-1.6,0.4\tC206.4,12.9,204.6,13.5,204.5,13.4z\"\/>\n\t<path class=\"elementor-shape-fill\" d=\"M201,10.6c0-0.1-4.4,1.2-6.3,2.2c-1.9,0.9-6.2,3.1-6.1,3.1c0.1,0.1,4.2-1.6,6.3-2.6\tS201,10.7,201,10.6z\"\/>\n\t<path class=\"elementor-shape-fill\" d=\"M154.5,26.7c-0.1-0.1-4.6,0.3-7.2,0c-7.3-0.7-17-3.2-16.6-2.9c0.4,0.3,13.7,3.1,17,3.3\tC152.6,27.5,154.6,26.8,154.5,26.7z\"\/>\n\t<path class=\"elementor-shape-fill\" d=\"M41.9,19.3c0,0,1.2-0.3,2.9-0.1c1.7,0.2,5.8,0.9,8.2,0.7c4.2-0.4,7.4-2.7,7-2.6\tc-0.4,0-4.3,2.2-8.6,1.9c-1.8-0.1-5.1-0.5-6.7-0.4S41.9,19.3,41.9,19.3z\"\/>\n\t<path class=\"elementor-shape-fill\" d=\"M75.5,12.6c0.2,0.1,2-0.8,4.3-1.1c2.3-0.2,2.1-0.3,2.1-0.5c0-0.1-1.8-0.4-3.4,0\tC76.9,11.5,75.3,12.5,75.5,12.6z\"\/>\n\t<path class=\"elementor-shape-fill\" d=\"M15.6,13.2c0-0.1,4.3,0,6.7,0.5c2.4,0.5,5,1.9,5,2c0,0.1-2.7-0.8-5.1-1.4\tC19.9,13.7,15.7,13.3,15.6,13.2z\"\/>\n<\/svg>\t\t<\/div>\n\t\t<div class=\"elementor-element elementor-element-1b1fd09 e-con-full e-flex e-con e-child\" data-id=\"1b1fd09\" data-element_type=\"container\" data-e-type=\"container\">\n\t\t\t\t<div class=\"elementor-element elementor-element-6e63b7a elementor-widget__width-initial elementor-widget-mobile__width-initial elementor-widget elementor-widget-heading\" data-id=\"6e63b7a\" data-element_type=\"widget\" data-e-type=\"widget\" id=\"2\" data-widget_type=\"heading.default\">\n\t\t\t\t<div class=\"elementor-widget-container\">\n\t\t\t\t\t<h2 class=\"elementor-heading-title elementor-size-default\">Mercados de refer\u00eancia fora do Funchal<\/h2>\t\t\t\t<\/div>\n\t\t\t\t<\/div>\n\t\t\t\t<\/div>\n\t\t\t\t\t<\/div>\n\t\t\t\t<\/div>\n\t\t<div class=\"elementor-element elementor-element-aaa4c84 e-flex e-con-boxed e-con e-parent\" data-id=\"aaa4c84\" data-element_type=\"container\" data-e-type=\"container\">\n\t\t\t\t\t<div class=\"e-con-inner\">\n\t\t\t\t<div class=\"elementor-element elementor-element-d1c1853 elementor-widget elementor-widget-heading\" data-id=\"d1c1853\" data-element_type=\"widget\" data-e-type=\"widget\" data-widget_type=\"heading.default\">\n\t\t\t\t<div class=\"elementor-widget-container\">\n\t\t\t\t\t<p class=\"elementor-heading-title elementor-size-default\">Os mercados fora do Funchal oferecem uma experi\u00eancia cultural \u00fanica e aut\u00eantica, onde os produtos locais s\u00e3o os protagonistas.<\/p>\t\t\t\t<\/div>\n\t\t\t\t<\/div>\n\t\t\t\t\t<\/div>\n\t\t\t\t<\/div>\n\t\t<div class=\"elementor-element elementor-element-f8727aa e-flex e-con-boxed e-con e-parent\" data-id=\"f8727aa\" data-element_type=\"container\" data-e-type=\"container\">\n\t\t\t\t\t<div class=\"e-con-inner\">\n\t\t<div class=\"elementor-element elementor-element-c15ca9f e-con-full e-flex e-con e-child\" data-id=\"c15ca9f\" data-element_type=\"container\" data-e-type=\"container\">\n\t\t\t\t<div class=\"elementor-element elementor-element-6d032ea elementor-widget elementor-widget-image\" data-id=\"6d032ea\" data-element_type=\"widget\" data-e-type=\"widget\" data-widget_type=\"image.default\">\n\t\t\t\t<div class=\"elementor-widget-container\">\n\t\t\t\t\t\t\t\t\t\t\t\t\t\t\t<img decoding=\"async\" width=\"800\" height=\"600\" data-src=\"https:\/\/welikemadeira.com\/wp-content\/uploads\/2025\/02\/mercado-municipal-do-santa-madeira-1024x768.jpg\" class=\"attachment-large size-large wp-image-4306 lazyload\" alt=\"Vista del Mercado municipal do Santa Cruz , uno de los mejores mercados en Madeira\" data-srcset=\"https:\/\/welikemadeira.com\/wp-content\/uploads\/2025\/02\/mercado-municipal-do-santa-madeira-1024x768.jpg 1024w, https:\/\/welikemadeira.com\/wp-content\/uploads\/2025\/02\/mercado-municipal-do-santa-madeira-300x225.jpg 300w, https:\/\/welikemadeira.com\/wp-content\/uploads\/2025\/02\/mercado-municipal-do-santa-madeira-768x576.jpg 768w, https:\/\/welikemadeira.com\/wp-content\/uploads\/2025\/02\/mercado-municipal-do-santa-madeira.jpg 1440w\" data-sizes=\"(max-width: 800px) 100vw, 800px\" src=\"data:image\/svg+xml;base64,PHN2ZyB3aWR0aD0iMSIgaGVpZ2h0PSIxIiB4bWxucz0iaHR0cDovL3d3dy53My5vcmcvMjAwMC9zdmciPjwvc3ZnPg==\" style=\"--smush-placeholder-width: 800px; --smush-placeholder-aspect-ratio: 800\/600;\" \/>\t\t\t\t\t\t\t\t\t\t\t\t\t\t\t<\/div>\n\t\t\t\t<\/div>\n\t\t\t\t<div class=\"elementor-element elementor-element-013e9e9 elementor-widget elementor-widget-heading\" data-id=\"013e9e9\" data-element_type=\"widget\" data-e-type=\"widget\" data-widget_type=\"heading.default\">\n\t\t\t\t<div class=\"elementor-widget-container\">\n\t\t\t\t\t<h3 class=\"elementor-heading-title elementor-size-default\">Mercado de Santa Cruz<\/h3>\t\t\t\t<\/div>\n\t\t\t\t<\/div>\n\t\t\t\t<div class=\"elementor-element elementor-element-04fa155 elementor-widget-divider--view-line elementor-widget elementor-widget-divider\" data-id=\"04fa155\" data-element_type=\"widget\" data-e-type=\"widget\" data-widget_type=\"divider.default\">\n\t\t\t\t<div class=\"elementor-widget-container\">\n\t\t\t\t\t\t\t<div class=\"elementor-divider\">\n\t\t\t<span class=\"elementor-divider-separator\">\n\t\t\t\t\t\t<\/span>\n\t\t<\/div>\n\t\t\t\t\t\t<\/div>\n\t\t\t\t<\/div>\n\t\t\t\t<div class=\"elementor-element elementor-element-2cbb99d elementor-widget elementor-widget-n-accordion\" data-id=\"2cbb99d\" data-element_type=\"widget\" data-e-type=\"widget\" data-settings=\"{&quot;default_state&quot;:&quot;expanded&quot;,&quot;max_items_expended&quot;:&quot;one&quot;,&quot;n_accordion_animation_duration&quot;:{&quot;unit&quot;:&quot;ms&quot;,&quot;size&quot;:400,&quot;sizes&quot;:[]}}\" data-widget_type=\"nested-accordion.default\">\n\t\t\t\t<div class=\"elementor-widget-container\">\n\t\t\t\t\t\t\t<div class=\"e-n-accordion\" aria-label=\"Accordion. Open links with Enter or Space, close with Escape, and navigate with Arrow Keys\">\n\t\t\t\t\t\t<details id=\"e-n-accordion-item-4690\" class=\"e-n-accordion-item\" open>\n\t\t\t\t<summary class=\"e-n-accordion-item-title\" data-accordion-index=\"1\" tabindex=\"0\" aria-expanded=\"true\" aria-controls=\"e-n-accordion-item-4690\" >\n\t\t\t\t\t<span class='e-n-accordion-item-title-header'><h4 class=\"e-n-accordion-item-title-text\"> Carater\u00edsticas da oferta e do mercado <\/h4><\/span>\n\t\t\t\t\t\t\t<span class='e-n-accordion-item-title-icon'>\n\t\t\t<span class='e-opened' ><svg aria-hidden=\"true\" class=\"e-font-icon-svg e-fas-minus\" viewBox=\"0 0 448 512\" xmlns=\"http:\/\/www.w3.org\/2000\/svg\"><path d=\"M416 208H32c-17.67 0-32 14.33-32 32v32c0 17.67 14.33 32 32 32h384c17.67 0 32-14.33 32-32v-32c0-17.67-14.33-32-32-32z\"><\/path><\/svg><\/span>\n\t\t\t<span class='e-closed'><svg aria-hidden=\"true\" class=\"e-font-icon-svg e-fas-plus\" viewBox=\"0 0 448 512\" xmlns=\"http:\/\/www.w3.org\/2000\/svg\"><path d=\"M416 208H272V64c0-17.67-14.33-32-32-32h-32c-17.67 0-32 14.33-32 32v144H32c-17.67 0-32 14.33-32 32v32c0 17.67 14.33 32 32 32h144v144c0 17.67 14.33 32 32 32h32c17.67 0 32-14.33 32-32V304h144c17.67 0 32-14.33 32-32v-32c0-17.67-14.33-32-32-32z\"><\/path><\/svg><\/span>\n\t\t<\/span>\n\n\t\t\t\t\t\t<\/summary>\n\t\t\t\t<div role=\"region\" aria-labelledby=\"e-n-accordion-item-4690\" class=\"elementor-element elementor-element-e811027 e-con-full e-flex e-con e-child\" data-id=\"e811027\" data-element_type=\"container\" data-e-type=\"container\">\n\t\t\t\t<div class=\"elementor-element elementor-element-51f1812 elementor-widget elementor-widget-text-editor\" data-id=\"51f1812\" data-element_type=\"widget\" data-e-type=\"widget\" data-widget_type=\"text-editor.default\">\n\t\t\t\t<div class=\"elementor-widget-container\">\n\t\t\t\t\t\t\t\t\t<p>O Mercado de Santa Cruz, situado nesta encantadora vila, destaca-se pelo seu ambiente acolhedor. Embora mais pequeno do que o do Funchal, oferece fruta e legumes frescos, bem como produtos locais de qualidade. Os vendedores s\u00e3o simp\u00e1ticos e costumam contar hist\u00f3rias sobre os seus produtos.  <\/p>\n\t\t\t\t\t\t\t\t<\/div>\n\t\t\t\t<\/div>\n\t\t\t\t<\/div>\n\t\t\t\t\t<\/details>\n\t\t\t\t\t\t<details id=\"e-n-accordion-item-4691\" class=\"e-n-accordion-item\" >\n\t\t\t\t<summary class=\"e-n-accordion-item-title\" data-accordion-index=\"2\" tabindex=\"-1\" aria-expanded=\"false\" aria-controls=\"e-n-accordion-item-4691\" >\n\t\t\t\t\t<span class='e-n-accordion-item-title-header'><h4 class=\"e-n-accordion-item-title-text\"> Eventos especiais e feiras da ladra <\/h4><\/span>\n\t\t\t\t\t\t\t<span class='e-n-accordion-item-title-icon'>\n\t\t\t<span class='e-opened' ><svg aria-hidden=\"true\" class=\"e-font-icon-svg e-fas-minus\" viewBox=\"0 0 448 512\" xmlns=\"http:\/\/www.w3.org\/2000\/svg\"><path d=\"M416 208H32c-17.67 0-32 14.33-32 32v32c0 17.67 14.33 32 32 32h384c17.67 0 32-14.33 32-32v-32c0-17.67-14.33-32-32-32z\"><\/path><\/svg><\/span>\n\t\t\t<span class='e-closed'><svg aria-hidden=\"true\" class=\"e-font-icon-svg e-fas-plus\" viewBox=\"0 0 448 512\" xmlns=\"http:\/\/www.w3.org\/2000\/svg\"><path d=\"M416 208H272V64c0-17.67-14.33-32-32-32h-32c-17.67 0-32 14.33-32 32v144H32c-17.67 0-32 14.33-32 32v32c0 17.67 14.33 32 32 32h144v144c0 17.67 14.33 32 32 32h32c17.67 0 32-14.33 32-32V304h144c17.67 0 32-14.33 32-32v-32c0-17.67-14.33-32-32-32z\"><\/path><\/svg><\/span>\n\t\t<\/span>\n\n\t\t\t\t\t\t<\/summary>\n\t\t\t\t<div role=\"region\" aria-labelledby=\"e-n-accordion-item-4691\" class=\"elementor-element elementor-element-b8f3180 e-flex e-con-boxed e-con e-child\" data-id=\"b8f3180\" data-element_type=\"container\" data-e-type=\"container\">\n\t\t\t\t\t<div class=\"e-con-inner\">\n\t\t\t\t<div class=\"elementor-element elementor-element-f931502 elementor-widget elementor-widget-text-editor\" data-id=\"f931502\" data-element_type=\"widget\" data-e-type=\"widget\" data-widget_type=\"text-editor.default\">\n\t\t\t\t<div class=\"elementor-widget-container\">\n\t\t\t\t\t\t\t\t\t<p>Aos domingos, o mercado transforma-se e acolhe feiras da ladra onde os visitantes podem encontrar antiguidades e artesanato. Estas actividades constituem uma oportunidade para explorar a cultura local num ambiente festivo. <\/p>\n\t\t\t\t\t\t\t\t<\/div>\n\t\t\t\t<\/div>\n\t\t\t\t\t<\/div>\n\t\t\t\t<\/div>\n\t\t\t\t\t<\/details>\n\t\t\t\t\t<\/div>\n\t\t\t\t\t\t<\/div>\n\t\t\t\t<\/div>\n\t\t\t\t<\/div>\n\t\t<div class=\"elementor-element elementor-element-5b9dc40 e-con-full e-flex e-con e-child\" data-id=\"5b9dc40\" data-element_type=\"container\" data-e-type=\"container\">\n\t\t\t\t<div class=\"elementor-element elementor-element-ea42f5d elementor-widget elementor-widget-image\" data-id=\"ea42f5d\" data-element_type=\"widget\" data-e-type=\"widget\" data-widget_type=\"image.default\">\n\t\t\t\t<div class=\"elementor-widget-container\">\n\t\t\t\t\t\t\t\t\t\t\t\t\t\t\t<img decoding=\"async\" width=\"700\" height=\"525\" data-src=\"https:\/\/welikemadeira.com\/wp-content\/uploads\/2025\/02\/Ponta-do-Sol-madeira-1.jpg\" class=\"attachment-large size-large wp-image-4302 lazyload\" alt=\"Mercado en Ponta do Sol en Madeira\" data-srcset=\"https:\/\/welikemadeira.com\/wp-content\/uploads\/2025\/02\/Ponta-do-Sol-madeira-1.jpg 700w, https:\/\/welikemadeira.com\/wp-content\/uploads\/2025\/02\/Ponta-do-Sol-madeira-1-300x225.jpg 300w\" data-sizes=\"(max-width: 700px) 100vw, 700px\" src=\"data:image\/svg+xml;base64,PHN2ZyB3aWR0aD0iMSIgaGVpZ2h0PSIxIiB4bWxucz0iaHR0cDovL3d3dy53My5vcmcvMjAwMC9zdmciPjwvc3ZnPg==\" style=\"--smush-placeholder-width: 700px; --smush-placeholder-aspect-ratio: 700\/525;\" \/>\t\t\t\t\t\t\t\t\t\t\t\t\t\t\t<\/div>\n\t\t\t\t<\/div>\n\t\t\t\t<div class=\"elementor-element elementor-element-f9a7ba9 elementor-widget elementor-widget-heading\" data-id=\"f9a7ba9\" data-element_type=\"widget\" data-e-type=\"widget\" data-widget_type=\"heading.default\">\n\t\t\t\t<div class=\"elementor-widget-container\">\n\t\t\t\t\t<h3 class=\"elementor-heading-title elementor-size-default\">Mercado da Ponta do Sol<\/h3>\t\t\t\t<\/div>\n\t\t\t\t<\/div>\n\t\t\t\t<div class=\"elementor-element elementor-element-9ea9831 elementor-widget-divider--view-line elementor-widget elementor-widget-divider\" data-id=\"9ea9831\" data-element_type=\"widget\" data-e-type=\"widget\" data-widget_type=\"divider.default\">\n\t\t\t\t<div class=\"elementor-widget-container\">\n\t\t\t\t\t\t\t<div class=\"elementor-divider\">\n\t\t\t<span class=\"elementor-divider-separator\">\n\t\t\t\t\t\t<\/span>\n\t\t<\/div>\n\t\t\t\t\t\t<\/div>\n\t\t\t\t<\/div>\n\t\t\t\t<div class=\"elementor-element elementor-element-0a19304 elementor-widget elementor-widget-n-accordion\" data-id=\"0a19304\" data-element_type=\"widget\" data-e-type=\"widget\" data-settings=\"{&quot;default_state&quot;:&quot;expanded&quot;,&quot;max_items_expended&quot;:&quot;one&quot;,&quot;n_accordion_animation_duration&quot;:{&quot;unit&quot;:&quot;ms&quot;,&quot;size&quot;:400,&quot;sizes&quot;:[]}}\" data-widget_type=\"nested-accordion.default\">\n\t\t\t\t<div class=\"elementor-widget-container\">\n\t\t\t\t\t\t\t<div class=\"e-n-accordion\" aria-label=\"Accordion. Open links with Enter or Space, close with Escape, and navigate with Arrow Keys\">\n\t\t\t\t\t\t<details id=\"e-n-accordion-item-1050\" class=\"e-n-accordion-item\" open>\n\t\t\t\t<summary class=\"e-n-accordion-item-title\" data-accordion-index=\"1\" tabindex=\"0\" aria-expanded=\"true\" aria-controls=\"e-n-accordion-item-1050\" >\n\t\t\t\t\t<span class='e-n-accordion-item-title-header'><h4 class=\"e-n-accordion-item-title-text\"> Frutas e legumes frescos <\/h4><\/span>\n\t\t\t\t\t\t\t<span class='e-n-accordion-item-title-icon'>\n\t\t\t<span class='e-opened' ><svg aria-hidden=\"true\" class=\"e-font-icon-svg e-fas-minus\" viewBox=\"0 0 448 512\" xmlns=\"http:\/\/www.w3.org\/2000\/svg\"><path d=\"M416 208H32c-17.67 0-32 14.33-32 32v32c0 17.67 14.33 32 32 32h384c17.67 0 32-14.33 32-32v-32c0-17.67-14.33-32-32-32z\"><\/path><\/svg><\/span>\n\t\t\t<span class='e-closed'><svg aria-hidden=\"true\" class=\"e-font-icon-svg e-fas-plus\" viewBox=\"0 0 448 512\" xmlns=\"http:\/\/www.w3.org\/2000\/svg\"><path d=\"M416 208H272V64c0-17.67-14.33-32-32-32h-32c-17.67 0-32 14.33-32 32v144H32c-17.67 0-32 14.33-32 32v32c0 17.67 14.33 32 32 32h144v144c0 17.67 14.33 32 32 32h32c17.67 0 32-14.33 32-32V304h144c17.67 0 32-14.33 32-32v-32c0-17.67-14.33-32-32-32z\"><\/path><\/svg><\/span>\n\t\t<\/span>\n\n\t\t\t\t\t\t<\/summary>\n\t\t\t\t<div role=\"region\" aria-labelledby=\"e-n-accordion-item-1050\" class=\"elementor-element elementor-element-b40355f e-con-full e-flex e-con e-child\" data-id=\"b40355f\" data-element_type=\"container\" data-e-type=\"container\">\n\t\t\t\t<div class=\"elementor-element elementor-element-d9555ac elementor-widget elementor-widget-text-editor\" data-id=\"d9555ac\" data-element_type=\"widget\" data-e-type=\"widget\" data-widget_type=\"text-editor.default\">\n\t\t\t\t<div class=\"elementor-widget-container\">\n\t\t\t\t\t\t\t\t\t<p>O Mercado da Ponta do Sol realiza-se aos fins-de-semana e \u00e9 conhecido pela qualidade das suas frutas e legumes. Os produtos s\u00e3o trazidos diretamente dos agricultores locais, garantindo frescura e sabor. <\/p>\n\t\t\t\t\t\t\t\t<\/div>\n\t\t\t\t<\/div>\n\t\t\t\t<\/div>\n\t\t\t\t\t<\/details>\n\t\t\t\t\t\t<details id=\"e-n-accordion-item-1051\" class=\"e-n-accordion-item\" >\n\t\t\t\t<summary class=\"e-n-accordion-item-title\" data-accordion-index=\"2\" tabindex=\"-1\" aria-expanded=\"false\" aria-controls=\"e-n-accordion-item-1051\" >\n\t\t\t\t\t<span class='e-n-accordion-item-title-header'><h4 class=\"e-n-accordion-item-title-text\"> Agricultores e produtos locais <\/h4><\/span>\n\t\t\t\t\t\t\t<span class='e-n-accordion-item-title-icon'>\n\t\t\t<span class='e-opened' ><svg aria-hidden=\"true\" class=\"e-font-icon-svg e-fas-minus\" viewBox=\"0 0 448 512\" xmlns=\"http:\/\/www.w3.org\/2000\/svg\"><path d=\"M416 208H32c-17.67 0-32 14.33-32 32v32c0 17.67 14.33 32 32 32h384c17.67 0 32-14.33 32-32v-32c0-17.67-14.33-32-32-32z\"><\/path><\/svg><\/span>\n\t\t\t<span class='e-closed'><svg aria-hidden=\"true\" class=\"e-font-icon-svg e-fas-plus\" viewBox=\"0 0 448 512\" xmlns=\"http:\/\/www.w3.org\/2000\/svg\"><path d=\"M416 208H272V64c0-17.67-14.33-32-32-32h-32c-17.67 0-32 14.33-32 32v144H32c-17.67 0-32 14.33-32 32v32c0 17.67 14.33 32 32 32h144v144c0 17.67 14.33 32 32 32h32c17.67 0 32-14.33 32-32V304h144c17.67 0 32-14.33 32-32v-32c0-17.67-14.33-32-32-32z\"><\/path><\/svg><\/span>\n\t\t<\/span>\n\n\t\t\t\t\t\t<\/summary>\n\t\t\t\t<div role=\"region\" aria-labelledby=\"e-n-accordion-item-1051\" class=\"elementor-element elementor-element-21bbf09 e-flex e-con-boxed e-con e-child\" data-id=\"21bbf09\" data-element_type=\"container\" data-e-type=\"container\">\n\t\t\t\t\t<div class=\"e-con-inner\">\n\t\t\t\t<div class=\"elementor-element elementor-element-59138b4 elementor-widget elementor-widget-text-editor\" data-id=\"59138b4\" data-element_type=\"widget\" data-e-type=\"widget\" data-widget_type=\"text-editor.default\">\n\t\t\t\t<div class=\"elementor-widget-container\">\n\t\t\t\t\t\t\t\t\t<p>Este mercado permite aos visitantes interagir com os agricultores, ver as suas colheitas e aprender sobre a agricultura tradicional madeirense. A proximidade entre produtores e consumidores enriquece a experi\u00eancia. <\/p>\n\t\t\t\t\t\t\t\t<\/div>\n\t\t\t\t<\/div>\n\t\t\t\t\t<\/div>\n\t\t\t\t<\/div>\n\t\t\t\t\t<\/details>\n\t\t\t\t\t<\/div>\n\t\t\t\t\t\t<\/div>\n\t\t\t\t<\/div>\n\t\t\t\t<\/div>\n\t\t<div class=\"elementor-element elementor-element-7fdf97f e-con-full e-flex e-con e-child\" data-id=\"7fdf97f\" data-element_type=\"container\" data-e-type=\"container\">\n\t\t\t\t<div class=\"elementor-element elementor-element-ba5c3bb elementor-widget elementor-widget-image\" data-id=\"ba5c3bb\" data-element_type=\"widget\" data-e-type=\"widget\" data-widget_type=\"image.default\">\n\t\t\t\t<div class=\"elementor-widget-container\">\n\t\t\t\t\t\t\t\t\t\t\t\t\t\t\t<img decoding=\"async\" width=\"800\" height=\"600\" data-src=\"https:\/\/welikemadeira.com\/wp-content\/uploads\/2025\/02\/mercado-santo-da-serra-madeira-1024x768.jpg\" class=\"attachment-large size-large wp-image-4298 lazyload\" alt=\"Mercado de Santo da Serra en Madeira\" data-srcset=\"https:\/\/welikemadeira.com\/wp-content\/uploads\/2025\/02\/mercado-santo-da-serra-madeira-1024x768.jpg 1024w, https:\/\/welikemadeira.com\/wp-content\/uploads\/2025\/02\/mercado-santo-da-serra-madeira-300x225.jpg 300w, https:\/\/welikemadeira.com\/wp-content\/uploads\/2025\/02\/mercado-santo-da-serra-madeira-768x576.jpg 768w, https:\/\/welikemadeira.com\/wp-content\/uploads\/2025\/02\/mercado-santo-da-serra-madeira.jpg 1335w\" data-sizes=\"(max-width: 800px) 100vw, 800px\" src=\"data:image\/svg+xml;base64,PHN2ZyB3aWR0aD0iMSIgaGVpZ2h0PSIxIiB4bWxucz0iaHR0cDovL3d3dy53My5vcmcvMjAwMC9zdmciPjwvc3ZnPg==\" style=\"--smush-placeholder-width: 800px; --smush-placeholder-aspect-ratio: 800\/600;\" \/>\t\t\t\t\t\t\t\t\t\t\t\t\t\t\t<\/div>\n\t\t\t\t<\/div>\n\t\t\t\t<div class=\"elementor-element elementor-element-fae2a87 elementor-widget elementor-widget-heading\" data-id=\"fae2a87\" data-element_type=\"widget\" data-e-type=\"widget\" data-widget_type=\"heading.default\">\n\t\t\t\t<div class=\"elementor-widget-container\">\n\t\t\t\t\t<h3 class=\"elementor-heading-title elementor-size-default\">Mercado do Santo da Serra<\/h3>\t\t\t\t<\/div>\n\t\t\t\t<\/div>\n\t\t\t\t<div class=\"elementor-element elementor-element-5e14903 elementor-widget-divider--view-line elementor-widget elementor-widget-divider\" data-id=\"5e14903\" data-element_type=\"widget\" data-e-type=\"widget\" data-widget_type=\"divider.default\">\n\t\t\t\t<div class=\"elementor-widget-container\">\n\t\t\t\t\t\t\t<div class=\"elementor-divider\">\n\t\t\t<span class=\"elementor-divider-separator\">\n\t\t\t\t\t\t<\/span>\n\t\t<\/div>\n\t\t\t\t\t\t<\/div>\n\t\t\t\t<\/div>\n\t\t\t\t<div class=\"elementor-element elementor-element-6718f49 elementor-widget elementor-widget-n-accordion\" data-id=\"6718f49\" data-element_type=\"widget\" data-e-type=\"widget\" data-settings=\"{&quot;default_state&quot;:&quot;expanded&quot;,&quot;max_items_expended&quot;:&quot;one&quot;,&quot;n_accordion_animation_duration&quot;:{&quot;unit&quot;:&quot;ms&quot;,&quot;size&quot;:400,&quot;sizes&quot;:[]}}\" data-widget_type=\"nested-accordion.default\">\n\t\t\t\t<div class=\"elementor-widget-container\">\n\t\t\t\t\t\t\t<div class=\"e-n-accordion\" aria-label=\"Accordion. Open links with Enter or Space, close with Escape, and navigate with Arrow Keys\">\n\t\t\t\t\t\t<details id=\"e-n-accordion-item-1080\" class=\"e-n-accordion-item\" open>\n\t\t\t\t<summary class=\"e-n-accordion-item-title\" data-accordion-index=\"1\" tabindex=\"0\" aria-expanded=\"true\" aria-controls=\"e-n-accordion-item-1080\" >\n\t\t\t\t\t<span class='e-n-accordion-item-title-header'><h4 class=\"e-n-accordion-item-title-text\"> Variedade de produtos agr\u00edcolas <\/h4><\/span>\n\t\t\t\t\t\t\t<span class='e-n-accordion-item-title-icon'>\n\t\t\t<span class='e-opened' ><svg aria-hidden=\"true\" class=\"e-font-icon-svg e-fas-minus\" viewBox=\"0 0 448 512\" xmlns=\"http:\/\/www.w3.org\/2000\/svg\"><path d=\"M416 208H32c-17.67 0-32 14.33-32 32v32c0 17.67 14.33 32 32 32h384c17.67 0 32-14.33 32-32v-32c0-17.67-14.33-32-32-32z\"><\/path><\/svg><\/span>\n\t\t\t<span class='e-closed'><svg aria-hidden=\"true\" class=\"e-font-icon-svg e-fas-plus\" viewBox=\"0 0 448 512\" xmlns=\"http:\/\/www.w3.org\/2000\/svg\"><path d=\"M416 208H272V64c0-17.67-14.33-32-32-32h-32c-17.67 0-32 14.33-32 32v144H32c-17.67 0-32 14.33-32 32v32c0 17.67 14.33 32 32 32h144v144c0 17.67 14.33 32 32 32h32c17.67 0 32-14.33 32-32V304h144c17.67 0 32-14.33 32-32v-32c0-17.67-14.33-32-32-32z\"><\/path><\/svg><\/span>\n\t\t<\/span>\n\n\t\t\t\t\t\t<\/summary>\n\t\t\t\t<div role=\"region\" aria-labelledby=\"e-n-accordion-item-1080\" class=\"elementor-element elementor-element-714cabd e-con-full e-flex e-con e-child\" data-id=\"714cabd\" data-element_type=\"container\" data-e-type=\"container\">\n\t\t\t\t<div class=\"elementor-element elementor-element-9b2b5d1 elementor-widget elementor-widget-text-editor\" data-id=\"9b2b5d1\" data-element_type=\"widget\" data-e-type=\"widget\" data-widget_type=\"text-editor.default\">\n\t\t\t\t<div class=\"elementor-widget-container\">\n\t\t\t\t\t\t\t\t\t<p>O Mercado do Santo da Serra, popular entre os habitantes locais e os turistas, oferece uma variedade impressionante de produtos agr\u00edcolas. Os visitantes encontram tudo, desde frutas e legumes a ervas arom\u00e1ticas, reflectindo a rica biodiversidade da ilha. <\/p>\n\t\t\t\t\t\t\t\t<\/div>\n\t\t\t\t<\/div>\n\t\t\t\t<\/div>\n\t\t\t\t\t<\/details>\n\t\t\t\t\t\t<details id=\"e-n-accordion-item-1081\" class=\"e-n-accordion-item\" >\n\t\t\t\t<summary class=\"e-n-accordion-item-title\" data-accordion-index=\"2\" tabindex=\"-1\" aria-expanded=\"false\" aria-controls=\"e-n-accordion-item-1081\" >\n\t\t\t\t\t<span class='e-n-accordion-item-title-header'><h4 class=\"e-n-accordion-item-title-text\"> Artesanato local e actividades culturais <\/h4><\/span>\n\t\t\t\t\t\t\t<span class='e-n-accordion-item-title-icon'>\n\t\t\t<span class='e-opened' ><svg aria-hidden=\"true\" class=\"e-font-icon-svg e-fas-minus\" viewBox=\"0 0 448 512\" xmlns=\"http:\/\/www.w3.org\/2000\/svg\"><path d=\"M416 208H32c-17.67 0-32 14.33-32 32v32c0 17.67 14.33 32 32 32h384c17.67 0 32-14.33 32-32v-32c0-17.67-14.33-32-32-32z\"><\/path><\/svg><\/span>\n\t\t\t<span class='e-closed'><svg aria-hidden=\"true\" class=\"e-font-icon-svg e-fas-plus\" viewBox=\"0 0 448 512\" xmlns=\"http:\/\/www.w3.org\/2000\/svg\"><path d=\"M416 208H272V64c0-17.67-14.33-32-32-32h-32c-17.67 0-32 14.33-32 32v144H32c-17.67 0-32 14.33-32 32v32c0 17.67 14.33 32 32 32h144v144c0 17.67 14.33 32 32 32h32c17.67 0 32-14.33 32-32V304h144c17.67 0 32-14.33 32-32v-32c0-17.67-14.33-32-32-32z\"><\/path><\/svg><\/span>\n\t\t<\/span>\n\n\t\t\t\t\t\t<\/summary>\n\t\t\t\t<div role=\"region\" aria-labelledby=\"e-n-accordion-item-1081\" class=\"elementor-element elementor-element-6fc0130 e-flex e-con-boxed e-con e-child\" data-id=\"6fc0130\" data-element_type=\"container\" data-e-type=\"container\">\n\t\t\t\t\t<div class=\"e-con-inner\">\n\t\t\t\t<div class=\"elementor-element elementor-element-dd08305 elementor-widget elementor-widget-text-editor\" data-id=\"dd08305\" data-element_type=\"widget\" data-e-type=\"widget\" data-widget_type=\"text-editor.default\">\n\t\t\t\t<div class=\"elementor-widget-container\">\n\t\t\t\t\t\t\t\t\t<p>Aos domingos \u00e9 organizado um ambiente festivo, onde podes apreciar o artesanato local e m\u00fasica ao vivo. Estas actividades culturais enriquecem a experi\u00eancia e promovem a aprecia\u00e7\u00e3o das tradi\u00e7\u00f5es da Madeira. <\/p>\n\t\t\t\t\t\t\t\t<\/div>\n\t\t\t\t<\/div>\n\t\t\t\t\t<\/div>\n\t\t\t\t<\/div>\n\t\t\t\t\t<\/details>\n\t\t\t\t\t<\/div>\n\t\t\t\t\t\t<\/div>\n\t\t\t\t<\/div>\n\t\t\t\t<\/div>\n\t\t\t\t\t<\/div>\n\t\t\t\t<\/div>\n\t\t<div class=\"elementor-element elementor-element-427c5ce e-flex e-con-boxed e-con e-parent\" data-id=\"427c5ce\" data-element_type=\"container\" data-e-type=\"container\">\n\t\t\t\t\t<div class=\"e-con-inner\">\n\t\t\t\t<div class=\"elementor-element elementor-element-b782195 elementor-widget-divider--view-line elementor-widget elementor-widget-divider\" data-id=\"b782195\" data-element_type=\"widget\" data-e-type=\"widget\" data-widget_type=\"divider.default\">\n\t\t\t\t<div class=\"elementor-widget-container\">\n\t\t\t\t\t\t\t<div class=\"elementor-divider\">\n\t\t\t<span class=\"elementor-divider-separator\">\n\t\t\t\t\t\t<\/span>\n\t\t<\/div>\n\t\t\t\t\t\t<\/div>\n\t\t\t\t<\/div>\n\t\t\t\t\t<\/div>\n\t\t\t\t<\/div>\n\t\t<div class=\"elementor-element elementor-element-9718abe e-flex e-con-boxed e-con e-parent\" data-id=\"9718abe\" data-element_type=\"container\" data-e-type=\"container\" data-settings=\"{&quot;background_background&quot;:&quot;classic&quot;,&quot;background_motion_fx_motion_fx_scrolling&quot;:&quot;yes&quot;,&quot;shape_divider_bottom&quot;:&quot;wave-brush&quot;,&quot;background_motion_fx_devices&quot;:[&quot;desktop&quot;,&quot;tablet&quot;,&quot;mobile&quot;]}\">\n\t\t\t\t\t<div class=\"e-con-inner\">\n\t\t\t\t<div class=\"elementor-shape elementor-shape-bottom\" aria-hidden=\"true\" data-negative=\"false\">\n\t\t\t<svg xmlns=\"http:\/\/www.w3.org\/2000\/svg\" viewBox=\"0 0 283.5 27.8\" preserveAspectRatio=\"none\">\n\t<path class=\"elementor-shape-fill\" d=\"M283.5,9.7c0,0-7.3,4.3-14,4.6c-6.8,0.3-12.6,0-20.9-1.5c-11.3-2-33.1-10.1-44.7-5.7\ts-12.1,4.6-18,7.4c-6.6,3.2-20,9.6-36.6,9.3C131.6,23.5,99.5,7.2,86.3,8c-1.4,0.1-6.6,0.8-10.5,2c-3.8,1.2-9.4,3.8-17,4.7\tc-3.2,0.4-8.3,1.1-14.2,0.9c-1.5-0.1-6.3-0.4-12-1.6c-5.7-1.2-11-3.1-15.8-3.7C6.5,9.2,0,10.8,0,10.8V0h283.5V9.7z M260.8,11.3\tc-0.7-1-2-0.4-4.3-0.4c-2.3,0-6.1-1.2-5.8-1.1c0.3,0.1,3.1,1.5,6,1.9C259.7,12.2,261.4,12.3,260.8,11.3z M242.4,8.6\tc0,0-2.4-0.2-5.6-0.9c-3.2-0.8-10.3-2.8-15.1-3.5c-8.2-1.1-15.8,0-15.1,0.1c0.8,0.1,9.6-0.6,17.6,1.1c3.3,0.7,9.3,2.2,12.4,2.7\tC239.9,8.7,242.4,8.6,242.4,8.6z M185.2,8.5c1.7-0.7-13.3,4.7-18.5,6.1c-2.1,0.6-6.2,1.6-10,2c-3.9,0.4-8.9,0.4-8.8,0.5\tc0,0.2,5.8,0.8,11.2,0c5.4-0.8,5.2-1.1,7.6-1.6C170.5,14.7,183.5,9.2,185.2,8.5z M199.1,6.9c0.2,0-0.8-0.4-4.8,1.1\tc-4,1.5-6.7,3.5-6.9,3.7c-0.2,0.1,3.5-1.8,6.6-3C197,7.5,199,6.9,199.1,6.9z M283,6c-0.1,0.1-1.9,1.1-4.8,2.5s-6.9,2.8-6.7,2.7\tc0.2,0,3.5-0.6,7.4-2.5C282.8,6.8,283.1,5.9,283,6z M31.3,11.6c0.1-0.2-1.9-0.2-4.5-1.2s-5.4-1.6-7.8-2C15,7.6,7.3,8.5,7.7,8.6\tC8,8.7,15.9,8.3,20.2,9.3c2.2,0.5,2.4,0.5,5.7,1.6S31.2,11.9,31.3,11.6z M73,9.2c0.4-0.1,3.5-1.6,8.4-2.6c4.9-1.1,8.9-0.5,8.9-0.8\tc0-0.3-1-0.9-6.2-0.3S72.6,9.3,73,9.2z M71.6,6.7C71.8,6.8,75,5.4,77.3,5c2.3-0.3,1.9-0.5,1.9-0.6c0-0.1-1.1-0.2-2.7,0.2\tC74.8,5.1,71.4,6.6,71.6,6.7z M93.6,4.4c0.1,0.2,3.5,0.8,5.6,1.8c2.1,1,1.8,0.6,1.9,0.5c0.1-0.1-0.8-0.8-2.4-1.3\tC97.1,4.8,93.5,4.2,93.6,4.4z M65.4,11.1c-0.1,0.3,0.3,0.5,1.9-0.2s2.6-1.3,2.2-1.2s-0.9,0.4-2.5,0.8C65.3,10.9,65.5,10.8,65.4,11.1\tz M34.5,12.4c-0.2,0,2.1,0.8,3.3,0.9c1.2,0.1,2,0.1,2-0.2c0-0.3-0.1-0.5-1.6-0.4C36.6,12.8,34.7,12.4,34.5,12.4z M152.2,21.1\tc-0.1,0.1-2.4-0.3-7.5-0.3c-5,0-13.6-2.4-17.2-3.5c-3.6-1.1,10,3.9,16.5,4.1C150.5,21.6,152.3,21,152.2,21.1z\"\/>\n\t<path class=\"elementor-shape-fill\" d=\"M269.6,18c-0.1-0.1-4.6,0.3-7.2,0c-7.3-0.7-17-3.2-16.6-2.9c0.4,0.3,13.7,3.1,17,3.3\tC267.7,18.8,269.7,18,269.6,18z\"\/>\n\t<path class=\"elementor-shape-fill\" d=\"M227.4,9.8c-0.2-0.1-4.5-1-9.5-1.2c-5-0.2-12.7,0.6-12.3,0.5c0.3-0.1,5.9-1.8,13.3-1.2\tS227.6,9.9,227.4,9.8z\"\/>\n\t<path class=\"elementor-shape-fill\" d=\"M204.5,13.4c-0.1-0.1,2-1,3.2-1.1c1.2-0.1,2,0,2,0.3c0,0.3-0.1,0.5-1.6,0.4\tC206.4,12.9,204.6,13.5,204.5,13.4z\"\/>\n\t<path class=\"elementor-shape-fill\" d=\"M201,10.6c0-0.1-4.4,1.2-6.3,2.2c-1.9,0.9-6.2,3.1-6.1,3.1c0.1,0.1,4.2-1.6,6.3-2.6\tS201,10.7,201,10.6z\"\/>\n\t<path class=\"elementor-shape-fill\" d=\"M154.5,26.7c-0.1-0.1-4.6,0.3-7.2,0c-7.3-0.7-17-3.2-16.6-2.9c0.4,0.3,13.7,3.1,17,3.3\tC152.6,27.5,154.6,26.8,154.5,26.7z\"\/>\n\t<path class=\"elementor-shape-fill\" d=\"M41.9,19.3c0,0,1.2-0.3,2.9-0.1c1.7,0.2,5.8,0.9,8.2,0.7c4.2-0.4,7.4-2.7,7-2.6\tc-0.4,0-4.3,2.2-8.6,1.9c-1.8-0.1-5.1-0.5-6.7-0.4S41.9,19.3,41.9,19.3z\"\/>\n\t<path class=\"elementor-shape-fill\" d=\"M75.5,12.6c0.2,0.1,2-0.8,4.3-1.1c2.3-0.2,2.1-0.3,2.1-0.5c0-0.1-1.8-0.4-3.4,0\tC76.9,11.5,75.3,12.5,75.5,12.6z\"\/>\n\t<path class=\"elementor-shape-fill\" d=\"M15.6,13.2c0-0.1,4.3,0,6.7,0.5c2.4,0.5,5,1.9,5,2c0,0.1-2.7-0.8-5.1-1.4\tC19.9,13.7,15.7,13.3,15.6,13.2z\"\/>\n<\/svg>\t\t<\/div>\n\t\t<div class=\"elementor-element elementor-element-b49e2d0 e-con-full e-flex e-con e-child\" data-id=\"b49e2d0\" data-element_type=\"container\" data-e-type=\"container\">\n\t\t\t\t<div class=\"elementor-element elementor-element-481262d elementor-widget__width-initial elementor-widget-mobile__width-initial elementor-widget elementor-widget-heading\" data-id=\"481262d\" data-element_type=\"widget\" data-e-type=\"widget\" id=\"3\" data-widget_type=\"heading.default\">\n\t\t\t\t<div class=\"elementor-widget-container\">\n\t\t\t\t\t<h2 class=\"elementor-heading-title elementor-size-default\">Produtos t\u00edpicos dos mercados da Madeira<\/h2>\t\t\t\t<\/div>\n\t\t\t\t<\/div>\n\t\t\t\t<\/div>\n\t\t\t\t\t<\/div>\n\t\t\t\t<\/div>\n\t\t<div class=\"elementor-element elementor-element-d86315a e-flex e-con-boxed e-con e-parent\" data-id=\"d86315a\" data-element_type=\"container\" data-e-type=\"container\">\n\t\t\t\t\t<div class=\"e-con-inner\">\n\t\t\t\t<div class=\"elementor-element elementor-element-1f98bb9 elementor-widget elementor-widget-heading\" data-id=\"1f98bb9\" data-element_type=\"widget\" data-e-type=\"widget\" data-widget_type=\"heading.default\">\n\t\t\t\t<div class=\"elementor-widget-container\">\n\t\t\t\t\t<p class=\"elementor-heading-title elementor-size-default\">Os mercados da Madeira s\u00e3o o local ideal para descobrir a rica e variada oferta de produtos locais. Dos frutos tropicais ao peixe fresco, cada mercado reflecte a ess\u00eancia agr\u00edcola e mar\u00edtima da ilha. <\/p>\t\t\t\t<\/div>\n\t\t\t\t<\/div>\n\t\t\t\t\t<\/div>\n\t\t\t\t<\/div>\n\t\t<div class=\"elementor-element elementor-element-f4e7919 e-flex e-con-boxed e-con e-parent\" data-id=\"f4e7919\" data-element_type=\"container\" data-e-type=\"container\">\n\t\t\t\t\t<div class=\"e-con-inner\">\n\t\t<div class=\"elementor-element elementor-element-8859408 e-con-full e-flex e-con e-child\" data-id=\"8859408\" data-element_type=\"container\" data-e-type=\"container\">\n\t\t\t\t<div class=\"elementor-element elementor-element-0174b8f elementor-widget elementor-widget-image\" data-id=\"0174b8f\" data-element_type=\"widget\" data-e-type=\"widget\" data-widget_type=\"image.default\">\n\t\t\t\t<div class=\"elementor-widget-container\">\n\t\t\t\t\t\t\t\t\t\t\t\t\t\t\t<img decoding=\"async\" width=\"800\" height=\"600\" data-src=\"https:\/\/welikemadeira.com\/wp-content\/uploads\/2025\/02\/frutas-madeira-1024x768.jpg\" class=\"attachment-large size-large wp-image-4314 lazyload\" alt=\"\" data-srcset=\"https:\/\/welikemadeira.com\/wp-content\/uploads\/2025\/02\/frutas-madeira-1024x768.jpg 1024w, https:\/\/welikemadeira.com\/wp-content\/uploads\/2025\/02\/frutas-madeira-300x225.jpg 300w, https:\/\/welikemadeira.com\/wp-content\/uploads\/2025\/02\/frutas-madeira-768x576.jpg 768w, https:\/\/welikemadeira.com\/wp-content\/uploads\/2025\/02\/frutas-madeira.jpg 1078w\" data-sizes=\"(max-width: 800px) 100vw, 800px\" src=\"data:image\/svg+xml;base64,PHN2ZyB3aWR0aD0iMSIgaGVpZ2h0PSIxIiB4bWxucz0iaHR0cDovL3d3dy53My5vcmcvMjAwMC9zdmciPjwvc3ZnPg==\" style=\"--smush-placeholder-width: 800px; --smush-placeholder-aspect-ratio: 800\/600;\" \/>\t\t\t\t\t\t\t\t\t\t\t\t\t\t\t<\/div>\n\t\t\t\t<\/div>\n\t\t\t\t<\/div>\n\t\t<div class=\"elementor-element elementor-element-a4d2345 e-con-full e-flex e-con e-child\" data-id=\"a4d2345\" data-element_type=\"container\" data-e-type=\"container\">\n\t\t\t\t<div class=\"elementor-element elementor-element-1f90117 elementor-widget elementor-widget-heading\" data-id=\"1f90117\" data-element_type=\"widget\" data-e-type=\"widget\" data-widget_type=\"heading.default\">\n\t\t\t\t<div class=\"elementor-widget-container\">\n\t\t\t\t\t<h3 class=\"elementor-heading-title elementor-size-default\">Frutos e legumes tropicais da ilha<\/h3>\t\t\t\t<\/div>\n\t\t\t\t<\/div>\n\t\t\t\t<div class=\"elementor-element elementor-element-0c4ddf6 elementor-widget-divider--view-line elementor-widget elementor-widget-divider\" data-id=\"0c4ddf6\" data-element_type=\"widget\" data-e-type=\"widget\" data-widget_type=\"divider.default\">\n\t\t\t\t<div class=\"elementor-widget-container\">\n\t\t\t\t\t\t\t<div class=\"elementor-divider\">\n\t\t\t<span class=\"elementor-divider-separator\">\n\t\t\t\t\t\t<\/span>\n\t\t<\/div>\n\t\t\t\t\t\t<\/div>\n\t\t\t\t<\/div>\n\t\t\t\t<div class=\"elementor-element elementor-element-8a32a93 elementor-widget elementor-widget-text-editor\" data-id=\"8a32a93\" data-element_type=\"widget\" data-e-type=\"widget\" data-widget_type=\"text-editor.default\">\n\t\t\t\t<div class=\"elementor-widget-container\">\n\t\t\t\t\t\t\t\t\t<p>Nos mercados, podes encontrar uma grande variedade de frutos tropicais que se destacam pela sua frescura e sabor. Algumas das mais populares s\u00e3o: <\/p>\n<ul>\n<li>Ananases de alta qualidade.<\/li>\n<li>Anonas, com a sua polpa doce e cremosa.<\/li>\n<li>Maracuj\u00e1, que te d\u00e1 um toque ex\u00f3tico.<\/li>\n<li>As estrelas-do-mar, conhecidas como aves do para\u00edso, decoram os mercados com a sua beleza.<\/li>\n<\/ul>\n<p>Os legumes tamb\u00e9m s\u00e3o abundantes, incluindo variedades locais que reflectem a rica agricultura da ilha.<\/p>\n\t\t\t\t\t\t\t\t<\/div>\n\t\t\t\t<\/div>\n\t\t\t\t<\/div>\n\t\t\t\t\t<\/div>\n\t\t\t\t<\/div>\n\t\t<div class=\"elementor-element elementor-element-74a5ae7 e-flex e-con-boxed e-con e-parent\" data-id=\"74a5ae7\" data-element_type=\"container\" data-e-type=\"container\">\n\t\t\t\t\t<div class=\"e-con-inner\">\n\t\t<div class=\"elementor-element elementor-element-c560105 e-con-full e-flex e-con e-child\" data-id=\"c560105\" data-element_type=\"container\" data-e-type=\"container\">\n\t\t\t\t<div class=\"elementor-element elementor-element-60c375a elementor-widget elementor-widget-image\" data-id=\"60c375a\" data-element_type=\"widget\" data-e-type=\"widget\" data-widget_type=\"image.default\">\n\t\t\t\t<div class=\"elementor-widget-container\">\n\t\t\t\t\t\t\t\t\t\t\t\t\t\t\t<img decoding=\"async\" width=\"800\" height=\"600\" data-src=\"https:\/\/welikemadeira.com\/wp-content\/uploads\/2025\/02\/marisco-madeira.jpg\" class=\"attachment-large size-large wp-image-4126 lazyload\" alt=\"\" data-srcset=\"https:\/\/welikemadeira.com\/wp-content\/uploads\/2025\/02\/marisco-madeira.jpg 904w, https:\/\/welikemadeira.com\/wp-content\/uploads\/2025\/02\/marisco-madeira-300x225.jpg 300w, https:\/\/welikemadeira.com\/wp-content\/uploads\/2025\/02\/marisco-madeira-768x576.jpg 768w\" data-sizes=\"(max-width: 800px) 100vw, 800px\" src=\"data:image\/svg+xml;base64,PHN2ZyB3aWR0aD0iMSIgaGVpZ2h0PSIxIiB4bWxucz0iaHR0cDovL3d3dy53My5vcmcvMjAwMC9zdmciPjwvc3ZnPg==\" style=\"--smush-placeholder-width: 800px; --smush-placeholder-aspect-ratio: 800\/600;\" \/>\t\t\t\t\t\t\t\t\t\t\t\t\t\t\t<\/div>\n\t\t\t\t<\/div>\n\t\t\t\t<\/div>\n\t\t<div class=\"elementor-element elementor-element-6a1b899 e-con-full e-flex e-con e-child\" data-id=\"6a1b899\" data-element_type=\"container\" data-e-type=\"container\">\n\t\t\t\t<div class=\"elementor-element elementor-element-b8ebf76 elementor-widget elementor-widget-heading\" data-id=\"b8ebf76\" data-element_type=\"widget\" data-e-type=\"widget\" data-widget_type=\"heading.default\">\n\t\t\t\t<div class=\"elementor-widget-container\">\n\t\t\t\t\t<h3 class=\"elementor-heading-title elementor-size-default\">Peixe fresco e marisco<\/h3>\t\t\t\t<\/div>\n\t\t\t\t<\/div>\n\t\t\t\t<div class=\"elementor-element elementor-element-9415328 elementor-widget-divider--view-line elementor-widget elementor-widget-divider\" data-id=\"9415328\" data-element_type=\"widget\" data-e-type=\"widget\" data-widget_type=\"divider.default\">\n\t\t\t\t<div class=\"elementor-widget-container\">\n\t\t\t\t\t\t\t<div class=\"elementor-divider\">\n\t\t\t<span class=\"elementor-divider-separator\">\n\t\t\t\t\t\t<\/span>\n\t\t<\/div>\n\t\t\t\t\t\t<\/div>\n\t\t\t\t<\/div>\n\t\t\t\t<div class=\"elementor-element elementor-element-225c721 elementor-widget elementor-widget-text-editor\" data-id=\"225c721\" data-element_type=\"widget\" data-e-type=\"widget\" data-widget_type=\"text-editor.default\">\n\t\t\t\t<div class=\"elementor-widget-container\">\n\t\t\t\t\t\t\t\t\t<p>A oferta mar\u00edtima n\u00e3o fica atr\u00e1s. Os mercados oferecem uma variedade impressionante de peixe e marisco, entre os quais se destacam os seguintes: <\/p>\n<ul>\n<li>Atum fresco, um cl\u00e1ssico da cozinha madeirense.<\/li>\n<li>Doradas, conhecidas pelo seu sabor delicado.<\/li>\n<li>Mariscos, como o polvo e os mexilh\u00f5es, vendidos frescos e prontos a cozinhar.<\/li>\n<\/ul>\n\t\t\t\t\t\t\t\t<\/div>\n\t\t\t\t<\/div>\n\t\t\t\t<\/div>\n\t\t\t\t\t<\/div>\n\t\t\t\t<\/div>\n\t\t<div class=\"elementor-element elementor-element-21f1212 e-flex e-con-boxed e-con e-parent\" data-id=\"21f1212\" data-element_type=\"container\" data-e-type=\"container\">\n\t\t\t\t\t<div class=\"e-con-inner\">\n\t\t<div class=\"elementor-element elementor-element-e67335f e-con-full e-flex e-con e-child\" data-id=\"e67335f\" data-element_type=\"container\" data-e-type=\"container\">\n\t\t\t\t<div class=\"elementor-element elementor-element-9f0310b elementor-widget elementor-widget-image\" data-id=\"9f0310b\" data-element_type=\"widget\" data-e-type=\"widget\" data-widget_type=\"image.default\">\n\t\t\t\t<div class=\"elementor-widget-container\">\n\t\t\t\t\t\t\t\t\t\t\t\t\t\t\t<img decoding=\"async\" width=\"800\" height=\"600\" data-src=\"https:\/\/welikemadeira.com\/wp-content\/uploads\/2025\/02\/licores-madeira-1024x768.jpg\" class=\"attachment-large size-large wp-image-4318 lazyload\" alt=\"Vista de la pocha, uno de los licores t\u00edpicos de Madeira\" data-srcset=\"https:\/\/welikemadeira.com\/wp-content\/uploads\/2025\/02\/licores-madeira-1024x768.jpg 1024w, https:\/\/welikemadeira.com\/wp-content\/uploads\/2025\/02\/licores-madeira-300x225.jpg 300w, https:\/\/welikemadeira.com\/wp-content\/uploads\/2025\/02\/licores-madeira-768x576.jpg 768w, https:\/\/welikemadeira.com\/wp-content\/uploads\/2025\/02\/licores-madeira.jpg 1080w\" data-sizes=\"(max-width: 800px) 100vw, 800px\" src=\"data:image\/svg+xml;base64,PHN2ZyB3aWR0aD0iMSIgaGVpZ2h0PSIxIiB4bWxucz0iaHR0cDovL3d3dy53My5vcmcvMjAwMC9zdmciPjwvc3ZnPg==\" style=\"--smush-placeholder-width: 800px; --smush-placeholder-aspect-ratio: 800\/600;\" \/>\t\t\t\t\t\t\t\t\t\t\t\t\t\t\t<\/div>\n\t\t\t\t<\/div>\n\t\t\t\t<\/div>\n\t\t<div class=\"elementor-element elementor-element-c107497 e-con-full e-flex e-con e-child\" data-id=\"c107497\" data-element_type=\"container\" data-e-type=\"container\">\n\t\t\t\t<div class=\"elementor-element elementor-element-5c46d40 elementor-widget elementor-widget-heading\" data-id=\"5c46d40\" data-element_type=\"widget\" data-e-type=\"widget\" data-widget_type=\"heading.default\">\n\t\t\t\t<div class=\"elementor-widget-container\">\n\t\t\t\t\t<h3 class=\"elementor-heading-title elementor-size-default\">Licores, doces e lembran\u00e7as<\/h3>\t\t\t\t<\/div>\n\t\t\t\t<\/div>\n\t\t\t\t<div class=\"elementor-element elementor-element-63f30bf elementor-widget-divider--view-line elementor-widget elementor-widget-divider\" data-id=\"63f30bf\" data-element_type=\"widget\" data-e-type=\"widget\" data-widget_type=\"divider.default\">\n\t\t\t\t<div class=\"elementor-widget-container\">\n\t\t\t\t\t\t\t<div class=\"elementor-divider\">\n\t\t\t<span class=\"elementor-divider-separator\">\n\t\t\t\t\t\t<\/span>\n\t\t<\/div>\n\t\t\t\t\t\t<\/div>\n\t\t\t\t<\/div>\n\t\t\t\t<div class=\"elementor-element elementor-element-86ea157 elementor-widget elementor-widget-text-editor\" data-id=\"86ea157\" data-element_type=\"widget\" data-e-type=\"widget\" data-widget_type=\"text-editor.default\">\n\t\t\t\t<div class=\"elementor-widget-container\">\n\t\t\t\t\t\t\t\t\t<p>N\u00e3o podes deixar de provar os licores t\u00edpicos da Madeira, tal como o famoso vinho da Madeira, famoso em todo o mundo. Destacam-se tamb\u00e9m os doces locais, feitos com ingredientes tradicionais, ideais para recorda\u00e7\u00f5es. Estes produtos reflectem a cultura gastron\u00f3mica da ilha e s\u00e3o perfeitos para partilhares a experi\u00eancia madeirense.  <\/p>\n\t\t\t\t\t\t\t\t<\/div>\n\t\t\t\t<\/div>\n\t\t\t\t<div class=\"elementor-element elementor-element-e070525 pa-icon-pos-after premium-lq__none elementor-widget elementor-widget-premium-addon-button\" data-id=\"e070525\" data-element_type=\"widget\" data-e-type=\"widget\" data-widget_type=\"premium-addon-button.default\">\n\t\t\t\t<div class=\"elementor-widget-container\">\n\t\t\t\t\t\n\n\t\t<a class=\"premium-button premium-button-none premium-btn-md premium-button-none\" href=\"#INDICE\">\n\t\t\t<div class=\"premium-button-text-icon-wrapper\">\n\t\t\t\t\n\t\t\t\t\t\t\t\t\t\t\t\t\t\t\t\t\t\t<svg class=\"svg-inline--fas-fa-level-up-alt premium-drawable-icon premium-svg-nodraw\" aria-hidden='true' xmlns='http:\/\/www.w3.org\/2000\/svg' viewBox='0 0 320 512'><path d=\"M313.553 119.669L209.587 7.666c-9.485-10.214-25.676-10.229-35.174 0L70.438 119.669C56.232 134.969 67.062 160 88.025 160H152v272H68.024a11.996 11.996 0 0 0-8.485 3.515l-56 56C-4.021 499.074 1.333 512 12.024 512H208c13.255 0 24-10.745 24-24V160h63.966c20.878 0 31.851-24.969 17.587-40.331z\"><\/path><\/svg>\t\t\t\t\t\t\t\t\t\t\t\t\t\t\t\n\t\t\t\t\t\t\t\t\t<span >\n\t\t\t\t\t\t\u00cdNDICE\t\t\t\t\t<\/span>\n\t\t\t\t\t\t\t<\/div>\n\n\t\t\t\n\t\t\t\n\t\t\t\n\t\t<\/a>\n\n\n\t\t\t\t\t\t<\/div>\n\t\t\t\t<\/div>\n\t\t\t\t<\/div>\n\t\t\t\t\t<\/div>\n\t\t\t\t<\/div>\n\t\t<div class=\"elementor-element elementor-element-d7397e0 e-flex e-con-boxed e-con e-parent\" data-id=\"d7397e0\" data-element_type=\"container\" data-e-type=\"container\">\n\t\t\t\t\t<div class=\"e-con-inner\">\n\t\t\t\t<div class=\"elementor-element elementor-element-6e5717a elementor-widget-divider--view-line elementor-widget elementor-widget-divider\" data-id=\"6e5717a\" data-element_type=\"widget\" data-e-type=\"widget\" data-widget_type=\"divider.default\">\n\t\t\t\t<div class=\"elementor-widget-container\">\n\t\t\t\t\t\t\t<div class=\"elementor-divider\">\n\t\t\t<span class=\"elementor-divider-separator\">\n\t\t\t\t\t\t<\/span>\n\t\t<\/div>\n\t\t\t\t\t\t<\/div>\n\t\t\t\t<\/div>\n\t\t\t\t\t<\/div>\n\t\t\t\t<\/div>\n\t\t<div class=\"elementor-element elementor-element-61674bb e-flex e-con-boxed e-con e-parent\" data-id=\"61674bb\" data-element_type=\"container\" data-e-type=\"container\" data-settings=\"{&quot;background_background&quot;:&quot;classic&quot;,&quot;background_motion_fx_motion_fx_scrolling&quot;:&quot;yes&quot;,&quot;shape_divider_bottom&quot;:&quot;wave-brush&quot;,&quot;background_motion_fx_devices&quot;:[&quot;desktop&quot;,&quot;tablet&quot;,&quot;mobile&quot;]}\">\n\t\t\t\t\t<div class=\"e-con-inner\">\n\t\t\t\t<div class=\"elementor-shape elementor-shape-bottom\" aria-hidden=\"true\" data-negative=\"false\">\n\t\t\t<svg xmlns=\"http:\/\/www.w3.org\/2000\/svg\" viewBox=\"0 0 283.5 27.8\" preserveAspectRatio=\"none\">\n\t<path class=\"elementor-shape-fill\" d=\"M283.5,9.7c0,0-7.3,4.3-14,4.6c-6.8,0.3-12.6,0-20.9-1.5c-11.3-2-33.1-10.1-44.7-5.7\ts-12.1,4.6-18,7.4c-6.6,3.2-20,9.6-36.6,9.3C131.6,23.5,99.5,7.2,86.3,8c-1.4,0.1-6.6,0.8-10.5,2c-3.8,1.2-9.4,3.8-17,4.7\tc-3.2,0.4-8.3,1.1-14.2,0.9c-1.5-0.1-6.3-0.4-12-1.6c-5.7-1.2-11-3.1-15.8-3.7C6.5,9.2,0,10.8,0,10.8V0h283.5V9.7z M260.8,11.3\tc-0.7-1-2-0.4-4.3-0.4c-2.3,0-6.1-1.2-5.8-1.1c0.3,0.1,3.1,1.5,6,1.9C259.7,12.2,261.4,12.3,260.8,11.3z M242.4,8.6\tc0,0-2.4-0.2-5.6-0.9c-3.2-0.8-10.3-2.8-15.1-3.5c-8.2-1.1-15.8,0-15.1,0.1c0.8,0.1,9.6-0.6,17.6,1.1c3.3,0.7,9.3,2.2,12.4,2.7\tC239.9,8.7,242.4,8.6,242.4,8.6z M185.2,8.5c1.7-0.7-13.3,4.7-18.5,6.1c-2.1,0.6-6.2,1.6-10,2c-3.9,0.4-8.9,0.4-8.8,0.5\tc0,0.2,5.8,0.8,11.2,0c5.4-0.8,5.2-1.1,7.6-1.6C170.5,14.7,183.5,9.2,185.2,8.5z M199.1,6.9c0.2,0-0.8-0.4-4.8,1.1\tc-4,1.5-6.7,3.5-6.9,3.7c-0.2,0.1,3.5-1.8,6.6-3C197,7.5,199,6.9,199.1,6.9z M283,6c-0.1,0.1-1.9,1.1-4.8,2.5s-6.9,2.8-6.7,2.7\tc0.2,0,3.5-0.6,7.4-2.5C282.8,6.8,283.1,5.9,283,6z M31.3,11.6c0.1-0.2-1.9-0.2-4.5-1.2s-5.4-1.6-7.8-2C15,7.6,7.3,8.5,7.7,8.6\tC8,8.7,15.9,8.3,20.2,9.3c2.2,0.5,2.4,0.5,5.7,1.6S31.2,11.9,31.3,11.6z M73,9.2c0.4-0.1,3.5-1.6,8.4-2.6c4.9-1.1,8.9-0.5,8.9-0.8\tc0-0.3-1-0.9-6.2-0.3S72.6,9.3,73,9.2z M71.6,6.7C71.8,6.8,75,5.4,77.3,5c2.3-0.3,1.9-0.5,1.9-0.6c0-0.1-1.1-0.2-2.7,0.2\tC74.8,5.1,71.4,6.6,71.6,6.7z M93.6,4.4c0.1,0.2,3.5,0.8,5.6,1.8c2.1,1,1.8,0.6,1.9,0.5c0.1-0.1-0.8-0.8-2.4-1.3\tC97.1,4.8,93.5,4.2,93.6,4.4z M65.4,11.1c-0.1,0.3,0.3,0.5,1.9-0.2s2.6-1.3,2.2-1.2s-0.9,0.4-2.5,0.8C65.3,10.9,65.5,10.8,65.4,11.1\tz M34.5,12.4c-0.2,0,2.1,0.8,3.3,0.9c1.2,0.1,2,0.1,2-0.2c0-0.3-0.1-0.5-1.6-0.4C36.6,12.8,34.7,12.4,34.5,12.4z M152.2,21.1\tc-0.1,0.1-2.4-0.3-7.5-0.3c-5,0-13.6-2.4-17.2-3.5c-3.6-1.1,10,3.9,16.5,4.1C150.5,21.6,152.3,21,152.2,21.1z\"\/>\n\t<path class=\"elementor-shape-fill\" d=\"M269.6,18c-0.1-0.1-4.6,0.3-7.2,0c-7.3-0.7-17-3.2-16.6-2.9c0.4,0.3,13.7,3.1,17,3.3\tC267.7,18.8,269.7,18,269.6,18z\"\/>\n\t<path class=\"elementor-shape-fill\" d=\"M227.4,9.8c-0.2-0.1-4.5-1-9.5-1.2c-5-0.2-12.7,0.6-12.3,0.5c0.3-0.1,5.9-1.8,13.3-1.2\tS227.6,9.9,227.4,9.8z\"\/>\n\t<path class=\"elementor-shape-fill\" d=\"M204.5,13.4c-0.1-0.1,2-1,3.2-1.1c1.2-0.1,2,0,2,0.3c0,0.3-0.1,0.5-1.6,0.4\tC206.4,12.9,204.6,13.5,204.5,13.4z\"\/>\n\t<path class=\"elementor-shape-fill\" d=\"M201,10.6c0-0.1-4.4,1.2-6.3,2.2c-1.9,0.9-6.2,3.1-6.1,3.1c0.1,0.1,4.2-1.6,6.3-2.6\tS201,10.7,201,10.6z\"\/>\n\t<path class=\"elementor-shape-fill\" d=\"M154.5,26.7c-0.1-0.1-4.6,0.3-7.2,0c-7.3-0.7-17-3.2-16.6-2.9c0.4,0.3,13.7,3.1,17,3.3\tC152.6,27.5,154.6,26.8,154.5,26.7z\"\/>\n\t<path class=\"elementor-shape-fill\" d=\"M41.9,19.3c0,0,1.2-0.3,2.9-0.1c1.7,0.2,5.8,0.9,8.2,0.7c4.2-0.4,7.4-2.7,7-2.6\tc-0.4,0-4.3,2.2-8.6,1.9c-1.8-0.1-5.1-0.5-6.7-0.4S41.9,19.3,41.9,19.3z\"\/>\n\t<path class=\"elementor-shape-fill\" d=\"M75.5,12.6c0.2,0.1,2-0.8,4.3-1.1c2.3-0.2,2.1-0.3,2.1-0.5c0-0.1-1.8-0.4-3.4,0\tC76.9,11.5,75.3,12.5,75.5,12.6z\"\/>\n\t<path class=\"elementor-shape-fill\" d=\"M15.6,13.2c0-0.1,4.3,0,6.7,0.5c2.4,0.5,5,1.9,5,2c0,0.1-2.7-0.8-5.1-1.4\tC19.9,13.7,15.7,13.3,15.6,13.2z\"\/>\n<\/svg>\t\t<\/div>\n\t\t<div class=\"elementor-element elementor-element-ea58042 e-con-full e-flex e-con e-child\" data-id=\"ea58042\" data-element_type=\"container\" data-e-type=\"container\">\n\t\t\t\t<div class=\"elementor-element elementor-element-b88ed06 elementor-widget__width-initial elementor-widget-mobile__width-initial elementor-widget elementor-widget-heading\" data-id=\"b88ed06\" data-element_type=\"widget\" data-e-type=\"widget\" id=\"4\" data-widget_type=\"heading.default\">\n\t\t\t\t<div class=\"elementor-widget-container\">\n\t\t\t\t\t<h2 class=\"elementor-heading-title elementor-size-default\">Actividades culturais em torno dos mercados<\/h2>\t\t\t\t<\/div>\n\t\t\t\t<\/div>\n\t\t\t\t<\/div>\n\t\t\t\t\t<\/div>\n\t\t\t\t<\/div>\n\t\t<div class=\"elementor-element elementor-element-91c919d e-flex e-con-boxed e-con e-parent\" data-id=\"91c919d\" data-element_type=\"container\" data-e-type=\"container\">\n\t\t\t\t\t<div class=\"e-con-inner\">\n\t\t\t\t<div class=\"elementor-element elementor-element-861ba7a elementor-widget elementor-widget-heading\" data-id=\"861ba7a\" data-element_type=\"widget\" data-e-type=\"widget\" data-widget_type=\"heading.default\">\n\t\t\t\t<div class=\"elementor-widget-container\">\n\t\t\t\t\t<p class=\"elementor-heading-title elementor-size-default\">A riqueza cultural da Madeira reflecte-se n\u00e3o s\u00f3 nos seus produtos, mas tamb\u00e9m nas actividades que envolvem os seus mercados. Estes espa\u00e7os vibrantes oferecem in\u00fameras oportunidades para te ligares \u00e0 tradi\u00e7\u00e3o e \u00e0 comunidade local. <\/p>\t\t\t\t<\/div>\n\t\t\t\t<\/div>\n\t\t\t\t\t<\/div>\n\t\t\t\t<\/div>\n\t\t<div class=\"elementor-element elementor-element-73fa528 e-flex e-con-boxed e-con e-parent\" data-id=\"73fa528\" data-element_type=\"container\" data-e-type=\"container\">\n\t\t\t\t\t<div class=\"e-con-inner\">\n\t\t<div class=\"elementor-element elementor-element-597e313 e-con-full e-flex e-con e-child\" data-id=\"597e313\" data-element_type=\"container\" data-e-type=\"container\">\n\t\t\t\t<div class=\"elementor-element elementor-element-328d663 elementor-widget elementor-widget-image\" data-id=\"328d663\" data-element_type=\"widget\" data-e-type=\"widget\" data-widget_type=\"image.default\">\n\t\t\t\t<div class=\"elementor-widget-container\">\n\t\t\t\t\t\t\t\t\t\t\t\t\t\t\t<img decoding=\"async\" width=\"800\" height=\"600\" data-src=\"https:\/\/welikemadeira.com\/wp-content\/uploads\/2025\/02\/Mercado-dos-Lavradores-.jpg\" class=\"attachment-large size-large wp-image-4326 lazyload\" alt=\"Mercado dos lavradores en Madeira\" data-srcset=\"https:\/\/welikemadeira.com\/wp-content\/uploads\/2025\/02\/Mercado-dos-Lavradores-.jpg 838w, https:\/\/welikemadeira.com\/wp-content\/uploads\/2025\/02\/Mercado-dos-Lavradores--300x225.jpg 300w, https:\/\/welikemadeira.com\/wp-content\/uploads\/2025\/02\/Mercado-dos-Lavradores--768x576.jpg 768w\" data-sizes=\"(max-width: 800px) 100vw, 800px\" src=\"data:image\/svg+xml;base64,PHN2ZyB3aWR0aD0iMSIgaGVpZ2h0PSIxIiB4bWxucz0iaHR0cDovL3d3dy53My5vcmcvMjAwMC9zdmciPjwvc3ZnPg==\" style=\"--smush-placeholder-width: 800px; --smush-placeholder-aspect-ratio: 800\/600;\" \/>\t\t\t\t\t\t\t\t\t\t\t\t\t\t\t<\/div>\n\t\t\t\t<\/div>\n\t\t\t\t<div class=\"elementor-element elementor-element-94eceff elementor-widget elementor-widget-heading\" data-id=\"94eceff\" data-element_type=\"widget\" data-e-type=\"widget\" data-widget_type=\"heading.default\">\n\t\t\t\t<div class=\"elementor-widget-container\">\n\t\t\t\t\t<h3 class=\"elementor-heading-title elementor-size-default\">Intera\u00e7\u00e3o social e gastronomia<\/h3>\t\t\t\t<\/div>\n\t\t\t\t<\/div>\n\t\t\t\t<div class=\"elementor-element elementor-element-a3fbec0 elementor-widget-divider--view-line elementor-widget elementor-widget-divider\" data-id=\"a3fbec0\" data-element_type=\"widget\" data-e-type=\"widget\" data-widget_type=\"divider.default\">\n\t\t\t\t<div class=\"elementor-widget-container\">\n\t\t\t\t\t\t\t<div class=\"elementor-divider\">\n\t\t\t<span class=\"elementor-divider-separator\">\n\t\t\t\t\t\t<\/span>\n\t\t<\/div>\n\t\t\t\t\t\t<\/div>\n\t\t\t\t<\/div>\n\t\t\t\t<div class=\"elementor-element elementor-element-fe7c8b9 elementor-widget elementor-widget-text-editor\" data-id=\"fe7c8b9\" data-element_type=\"widget\" data-e-type=\"widget\" data-widget_type=\"text-editor.default\">\n\t\t\t\t<div class=\"elementor-widget-container\">\n\t\t\t\t\t\t\t\t\t<p>Nos mercados, a intera\u00e7\u00e3o social \u00e9 constante. Vendedores e compradores trocam n\u00e3o s\u00f3 produtos, mas tamb\u00e9m receitas e dicas sobre como preparar pratos t\u00edpicos. Este ambiente acolhedor fomenta um forte sentido de comunidade. A gastronomia local ganha vida em cada conversa, onde s\u00e3o partilhadas tradi\u00e7\u00f5es culin\u00e1rias que foram passadas de gera\u00e7\u00e3o em gera\u00e7\u00e3o.   <\/p>\n\t\t\t\t\t\t\t\t<\/div>\n\t\t\t\t<\/div>\n\t\t\t\t<\/div>\n\t\t<div class=\"elementor-element elementor-element-676de47 e-con-full e-flex e-con e-child\" data-id=\"676de47\" data-element_type=\"container\" data-e-type=\"container\">\n\t\t\t\t<div class=\"elementor-element elementor-element-c62e7cb elementor-widget elementor-widget-image\" data-id=\"c62e7cb\" data-element_type=\"widget\" data-e-type=\"widget\" data-widget_type=\"image.default\">\n\t\t\t\t<div class=\"elementor-widget-container\">\n\t\t\t\t\t\t\t\t\t\t\t\t\t\t\t<img decoding=\"async\" width=\"800\" height=\"600\" data-src=\"https:\/\/welikemadeira.com\/wp-content\/uploads\/2025\/02\/danza-madeira-1024x768.jpg\" class=\"attachment-large size-large wp-image-4322 lazyload\" alt=\"Danza tradicional en Madeira, una de las mejores cosas que ver en Funchal\" data-srcset=\"https:\/\/welikemadeira.com\/wp-content\/uploads\/2025\/02\/danza-madeira-1024x768.jpg 1024w, https:\/\/welikemadeira.com\/wp-content\/uploads\/2025\/02\/danza-madeira-300x225.jpg 300w, https:\/\/welikemadeira.com\/wp-content\/uploads\/2025\/02\/danza-madeira-768x576.jpg 768w, https:\/\/welikemadeira.com\/wp-content\/uploads\/2025\/02\/danza-madeira.jpg 1440w\" data-sizes=\"(max-width: 800px) 100vw, 800px\" src=\"data:image\/svg+xml;base64,PHN2ZyB3aWR0aD0iMSIgaGVpZ2h0PSIxIiB4bWxucz0iaHR0cDovL3d3dy53My5vcmcvMjAwMC9zdmciPjwvc3ZnPg==\" style=\"--smush-placeholder-width: 800px; --smush-placeholder-aspect-ratio: 800\/600;\" \/>\t\t\t\t\t\t\t\t\t\t\t\t\t\t\t<\/div>\n\t\t\t\t<\/div>\n\t\t\t\t<div class=\"elementor-element elementor-element-53d123e elementor-widget elementor-widget-heading\" data-id=\"53d123e\" data-element_type=\"widget\" data-e-type=\"widget\" data-widget_type=\"heading.default\">\n\t\t\t\t<div class=\"elementor-widget-container\">\n\t\t\t\t\t<h3 class=\"elementor-heading-title elementor-size-default\">Dan\u00e7as folcl\u00f3ricas e m\u00fasica ao vivo<\/h3>\t\t\t\t<\/div>\n\t\t\t\t<\/div>\n\t\t\t\t<div class=\"elementor-element elementor-element-4c6b69b elementor-widget-divider--view-line elementor-widget elementor-widget-divider\" data-id=\"4c6b69b\" data-element_type=\"widget\" data-e-type=\"widget\" data-widget_type=\"divider.default\">\n\t\t\t\t<div class=\"elementor-widget-container\">\n\t\t\t\t\t\t\t<div class=\"elementor-divider\">\n\t\t\t<span class=\"elementor-divider-separator\">\n\t\t\t\t\t\t<\/span>\n\t\t<\/div>\n\t\t\t\t\t\t<\/div>\n\t\t\t\t<\/div>\n\t\t\t\t<div class=\"elementor-element elementor-element-90c3191 elementor-widget elementor-widget-text-editor\" data-id=\"90c3191\" data-element_type=\"widget\" data-e-type=\"widget\" data-widget_type=\"text-editor.default\">\n\t\t\t\t<div class=\"elementor-widget-container\">\n\t\t\t\t\t\t\t\t\t<p>As actividades culturais nos mercados n\u00e3o se limitam \u00e0 compra de mercadorias. Em alguns mercados, s\u00e3o organizados espect\u00e1culos de dan\u00e7a folcl\u00f3rica e m\u00fasica ao vivo, criando uma atmosfera festiva e animada. Estes espect\u00e1culos permitem aos visitantes apreciar o patrim\u00f3nio cultural da ilha, tornando cada visita uma experi\u00eancia memor\u00e1vel. Os ritmos e coreografias tradicionais, muitas vezes executados por grupos locais, d\u00e3o um toque especial que agrada tanto aos turistas como aos residentes.   <\/p>\n\t\t\t\t\t\t\t\t<\/div>\n\t\t\t\t<\/div>\n\t\t\t\t<\/div>\n\t\t\t\t\t<\/div>\n\t\t\t\t<\/div>\n\t\t<div class=\"elementor-element elementor-element-27629c1 e-flex e-con-boxed e-con e-parent\" data-id=\"27629c1\" data-element_type=\"container\" data-e-type=\"container\">\n\t\t\t\t\t<div class=\"e-con-inner\">\n\t\t\t\t<div class=\"elementor-element elementor-element-bdf6cb3 elementor-widget elementor-widget-spacer\" data-id=\"bdf6cb3\" data-element_type=\"widget\" data-e-type=\"widget\" data-widget_type=\"spacer.default\">\n\t\t\t\t<div class=\"elementor-widget-container\">\n\t\t\t\t\t\t\t<div class=\"elementor-spacer\">\n\t\t\t<div class=\"elementor-spacer-inner\"><\/div>\n\t\t<\/div>\n\t\t\t\t\t\t<\/div>\n\t\t\t\t<\/div>\n\t\t\t\t\t<\/div>\n\t\t\t\t<\/div>\n\t\t\t\t<\/div>\n\t\t","protected":false},"excerpt":{"rendered":"<p>Os melhores mercados da Madeira: sabores e tradi\u00e7\u00f5es locais A Madeira \u00e9 conhecida pelos seus mercados vibrantes, onde podes encontrar produtos frescos e locais. Estes espa\u00e7os n\u00e3o s\u00f3 oferecem uma variedade de alimentos, como tamb\u00e9m reflectem a cultura e as tradi\u00e7\u00f5es da ilha. Visitar os mercados na Madeira permite-te experimentar a autenticidade local. Para al\u00e9m [&hellip;]<\/p>\n","protected":false},"author":1,"featured_media":2683,"comment_status":"closed","ping_status":"open","sticky":false,"template":"","format":"standard","meta":{"_monsterinsights_skip_tracking":false,"_monsterinsights_sitenote_active":false,"_monsterinsights_sitenote_note":"","_monsterinsights_sitenote_category":0,"footnotes":""},"categories":[85,86],"tags":[195,194,193,192,196],"class_list":["post-9891","post","type-post","status-publish","format-standard","has-post-thumbnail","hentry","category-madeira-pt-pt","category-o-que-fazer","tag-horario-de-funcionamento-do-mercado-dos-lavradores-funchal","tag-mercado-da-flor-da-madeira","tag-mercado-da-madeira","tag-mercado-de-natal-da-madeira","tag-mercado-dos-lavradores-funchal-madeira-portugal-pt-pt"],"yoast_head":"<!-- This site is optimized with the Yoast SEO plugin v27.3 - https:\/\/yoast.com\/product\/yoast-seo-wordpress\/ -->\n<title>Os melhores mercados da Madeira: sabores e tradi\u00e7\u00f5es locais<\/title>\n<meta name=\"description\" content=\"Explora os melhores mercados da Madeira e mergulha nas suas tradi\u00e7\u00f5es. Descobre os produtos locais, as frutas ex\u00f3ticas e a ess\u00eancia da ilha.\" \/>\n<meta name=\"robots\" content=\"index, follow, max-snippet:-1, max-image-preview:large, max-video-preview:-1\" \/>\n<link rel=\"canonical\" href=\"https:\/\/welikemadeira.com\/pt-pt\/mercados-na-madeira\/\" \/>\n<meta property=\"og:locale\" content=\"pt_PT\" \/>\n<meta property=\"og:type\" content=\"article\" \/>\n<meta property=\"og:title\" content=\"Os melhores mercados da Madeira: sabores e tradi\u00e7\u00f5es locais\" \/>\n<meta property=\"og:description\" content=\"Explora os melhores mercados da Madeira e mergulha nas suas tradi\u00e7\u00f5es. Descobre os produtos locais, as frutas ex\u00f3ticas e a ess\u00eancia da ilha.\" \/>\n<meta property=\"og:url\" content=\"https:\/\/welikemadeira.com\/pt-pt\/mercados-na-madeira\/\" \/>\n<meta property=\"og:site_name\" content=\"Welikemadeira\" \/>\n<meta property=\"article:published_time\" content=\"2025-02-14T08:13:42+00:00\" \/>\n<meta property=\"article:modified_time\" content=\"2025-04-18T18:45:39+00:00\" \/>\n<meta property=\"og:image\" content=\"https:\/\/welikemadeira.com\/wp-content\/uploads\/2025\/02\/mercado-dos-lavradores-scaled.jpg\" \/>\n\t<meta property=\"og:image:width\" content=\"2560\" \/>\n\t<meta property=\"og:image:height\" content=\"1598\" \/>\n\t<meta property=\"og:image:type\" content=\"image\/jpeg\" \/>\n<meta name=\"author\" content=\"admin\" \/>\n<meta name=\"twitter:card\" content=\"summary_large_image\" \/>\n<meta name=\"twitter:label1\" content=\"Escrito por\" \/>\n\t<meta name=\"twitter:data1\" content=\"admin\" \/>\n\t<meta name=\"twitter:label2\" content=\"Tempo estimado de leitura\" \/>\n\t<meta name=\"twitter:data2\" content=\"10 minutos\" \/>\n<script type=\"application\/ld+json\" class=\"yoast-schema-graph\">{\"@context\":\"https:\\\/\\\/schema.org\",\"@graph\":[{\"@type\":\"Article\",\"@id\":\"https:\\\/\\\/welikemadeira.com\\\/pt-pt\\\/mercados-na-madeira\\\/#article\",\"isPartOf\":{\"@id\":\"https:\\\/\\\/welikemadeira.com\\\/pt-pt\\\/mercados-na-madeira\\\/\"},\"author\":{\"name\":\"admin\",\"@id\":\"https:\\\/\\\/welikemadeira.com\\\/pt-pt\\\/#\\\/schema\\\/person\\\/6ca574f43130f442727bc0c380979f8f\"},\"headline\":\"Os melhores mercados da Madeira: sabores e tradi\u00e7\u00f5es locais\",\"datePublished\":\"2025-02-14T08:13:42+00:00\",\"dateModified\":\"2025-04-18T18:45:39+00:00\",\"mainEntityOfPage\":{\"@id\":\"https:\\\/\\\/welikemadeira.com\\\/pt-pt\\\/mercados-na-madeira\\\/\"},\"wordCount\":1490,\"publisher\":{\"@id\":\"https:\\\/\\\/welikemadeira.com\\\/pt-pt\\\/#organization\"},\"image\":{\"@id\":\"https:\\\/\\\/welikemadeira.com\\\/pt-pt\\\/mercados-na-madeira\\\/#primaryimage\"},\"thumbnailUrl\":\"https:\\\/\\\/welikemadeira.com\\\/wp-content\\\/uploads\\\/2025\\\/02\\\/mercado-dos-lavradores-scaled.jpg\",\"keywords\":[\"Hor\u00e1rio de funcionamento do Mercado dos Lavradores Funchal\",\"Mercado da Flor da Madeira\",\"Mercado da Madeira\",\"Mercado de Natal da Madeira\",\"Mercado dos Lavradores Funchal Madeira Portugal\"],\"articleSection\":[\"Madeira\",\"O que fazer\"],\"inLanguage\":\"pt-PT\"},{\"@type\":\"WebPage\",\"@id\":\"https:\\\/\\\/welikemadeira.com\\\/pt-pt\\\/mercados-na-madeira\\\/\",\"url\":\"https:\\\/\\\/welikemadeira.com\\\/pt-pt\\\/mercados-na-madeira\\\/\",\"name\":\"Os melhores mercados da Madeira: sabores e tradi\u00e7\u00f5es locais\",\"isPartOf\":{\"@id\":\"https:\\\/\\\/welikemadeira.com\\\/pt-pt\\\/#website\"},\"primaryImageOfPage\":{\"@id\":\"https:\\\/\\\/welikemadeira.com\\\/pt-pt\\\/mercados-na-madeira\\\/#primaryimage\"},\"image\":{\"@id\":\"https:\\\/\\\/welikemadeira.com\\\/pt-pt\\\/mercados-na-madeira\\\/#primaryimage\"},\"thumbnailUrl\":\"https:\\\/\\\/welikemadeira.com\\\/wp-content\\\/uploads\\\/2025\\\/02\\\/mercado-dos-lavradores-scaled.jpg\",\"datePublished\":\"2025-02-14T08:13:42+00:00\",\"dateModified\":\"2025-04-18T18:45:39+00:00\",\"description\":\"Explora os melhores mercados da Madeira e mergulha nas suas tradi\u00e7\u00f5es. Descobre os produtos locais, as frutas ex\u00f3ticas e a ess\u00eancia da ilha.\",\"breadcrumb\":{\"@id\":\"https:\\\/\\\/welikemadeira.com\\\/pt-pt\\\/mercados-na-madeira\\\/#breadcrumb\"},\"inLanguage\":\"pt-PT\",\"potentialAction\":[{\"@type\":\"ReadAction\",\"target\":[\"https:\\\/\\\/welikemadeira.com\\\/pt-pt\\\/mercados-na-madeira\\\/\"]}]},{\"@type\":\"ImageObject\",\"inLanguage\":\"pt-PT\",\"@id\":\"https:\\\/\\\/welikemadeira.com\\\/pt-pt\\\/mercados-na-madeira\\\/#primaryimage\",\"url\":\"https:\\\/\\\/welikemadeira.com\\\/wp-content\\\/uploads\\\/2025\\\/02\\\/mercado-dos-lavradores-scaled.jpg\",\"contentUrl\":\"https:\\\/\\\/welikemadeira.com\\\/wp-content\\\/uploads\\\/2025\\\/02\\\/mercado-dos-lavradores-scaled.jpg\",\"width\":2560,\"height\":1598,\"caption\":\"Vista del Mercado dos Lavradores , uno de los mejores mercados en Madeira\"},{\"@type\":\"BreadcrumbList\",\"@id\":\"https:\\\/\\\/welikemadeira.com\\\/pt-pt\\\/mercados-na-madeira\\\/#breadcrumb\",\"itemListElement\":[{\"@type\":\"ListItem\",\"position\":1,\"name\":\"Portada\",\"item\":\"https:\\\/\\\/welikemadeira.com\\\/pt-pt\\\/\"},{\"@type\":\"ListItem\",\"position\":2,\"name\":\"Os melhores mercados da Madeira: sabores e tradi\u00e7\u00f5es locais\"}]},{\"@type\":\"WebSite\",\"@id\":\"https:\\\/\\\/welikemadeira.com\\\/pt-pt\\\/#website\",\"url\":\"https:\\\/\\\/welikemadeira.com\\\/pt-pt\\\/\",\"name\":\"Welikemadeira\",\"description\":\"Blog de viaje de Madeira\",\"publisher\":{\"@id\":\"https:\\\/\\\/welikemadeira.com\\\/pt-pt\\\/#organization\"},\"potentialAction\":[{\"@type\":\"SearchAction\",\"target\":{\"@type\":\"EntryPoint\",\"urlTemplate\":\"https:\\\/\\\/welikemadeira.com\\\/pt-pt\\\/?s={search_term_string}\"},\"query-input\":{\"@type\":\"PropertyValueSpecification\",\"valueRequired\":true,\"valueName\":\"search_term_string\"}}],\"inLanguage\":\"pt-PT\"},{\"@type\":\"Organization\",\"@id\":\"https:\\\/\\\/welikemadeira.com\\\/pt-pt\\\/#organization\",\"name\":\"Welikemadeira\",\"url\":\"https:\\\/\\\/welikemadeira.com\\\/pt-pt\\\/\",\"logo\":{\"@type\":\"ImageObject\",\"inLanguage\":\"pt-PT\",\"@id\":\"https:\\\/\\\/welikemadeira.com\\\/pt-pt\\\/#\\\/schema\\\/logo\\\/image\\\/\",\"url\":\"https:\\\/\\\/welikemadeira.com\\\/wp-content\\\/uploads\\\/2025\\\/09\\\/cropped-favicon-03.jpg\",\"contentUrl\":\"https:\\\/\\\/welikemadeira.com\\\/wp-content\\\/uploads\\\/2025\\\/09\\\/cropped-favicon-03.jpg\",\"width\":2131,\"height\":2131,\"caption\":\"Welikemadeira\"},\"image\":{\"@id\":\"https:\\\/\\\/welikemadeira.com\\\/pt-pt\\\/#\\\/schema\\\/logo\\\/image\\\/\"}},{\"@type\":\"Person\",\"@id\":\"https:\\\/\\\/welikemadeira.com\\\/pt-pt\\\/#\\\/schema\\\/person\\\/6ca574f43130f442727bc0c380979f8f\",\"name\":\"admin\",\"image\":{\"@type\":\"ImageObject\",\"inLanguage\":\"pt-PT\",\"@id\":\"https:\\\/\\\/welikemadeira.com\\\/wp-content\\\/litespeed\\\/avatar\\\/cdb596e60975f9f6ae275d4f652260ce.jpg?ver=1777466883\",\"url\":\"https:\\\/\\\/welikemadeira.com\\\/wp-content\\\/litespeed\\\/avatar\\\/cdb596e60975f9f6ae275d4f652260ce.jpg?ver=1777466883\",\"contentUrl\":\"https:\\\/\\\/welikemadeira.com\\\/wp-content\\\/litespeed\\\/avatar\\\/cdb596e60975f9f6ae275d4f652260ce.jpg?ver=1777466883\",\"caption\":\"admin\"},\"sameAs\":[\"https:\\\/\\\/welikemadeira.com\"],\"url\":\"https:\\\/\\\/welikemadeira.com\\\/pt-pt\\\/author\\\/admin\\\/\"}]}<\/script>\n<!-- \/ Yoast SEO plugin. -->","yoast_head_json":{"title":"Os melhores mercados da Madeira: sabores e tradi\u00e7\u00f5es locais","description":"Explora os melhores mercados da Madeira e mergulha nas suas tradi\u00e7\u00f5es. Descobre os produtos locais, as frutas ex\u00f3ticas e a ess\u00eancia da ilha.","robots":{"index":"index","follow":"follow","max-snippet":"max-snippet:-1","max-image-preview":"max-image-preview:large","max-video-preview":"max-video-preview:-1"},"canonical":"https:\/\/welikemadeira.com\/pt-pt\/mercados-na-madeira\/","og_locale":"pt_PT","og_type":"article","og_title":"Os melhores mercados da Madeira: sabores e tradi\u00e7\u00f5es locais","og_description":"Explora os melhores mercados da Madeira e mergulha nas suas tradi\u00e7\u00f5es. Descobre os produtos locais, as frutas ex\u00f3ticas e a ess\u00eancia da ilha.","og_url":"https:\/\/welikemadeira.com\/pt-pt\/mercados-na-madeira\/","og_site_name":"Welikemadeira","article_published_time":"2025-02-14T08:13:42+00:00","article_modified_time":"2025-04-18T18:45:39+00:00","og_image":[{"width":2560,"height":1598,"url":"https:\/\/welikemadeira.com\/wp-content\/uploads\/2025\/02\/mercado-dos-lavradores-scaled.jpg","type":"image\/jpeg"}],"author":"admin","twitter_card":"summary_large_image","twitter_misc":{"Escrito por":"admin","Tempo estimado de leitura":"10 minutos"},"schema":{"@context":"https:\/\/schema.org","@graph":[{"@type":"Article","@id":"https:\/\/welikemadeira.com\/pt-pt\/mercados-na-madeira\/#article","isPartOf":{"@id":"https:\/\/welikemadeira.com\/pt-pt\/mercados-na-madeira\/"},"author":{"name":"admin","@id":"https:\/\/welikemadeira.com\/pt-pt\/#\/schema\/person\/6ca574f43130f442727bc0c380979f8f"},"headline":"Os melhores mercados da Madeira: sabores e tradi\u00e7\u00f5es locais","datePublished":"2025-02-14T08:13:42+00:00","dateModified":"2025-04-18T18:45:39+00:00","mainEntityOfPage":{"@id":"https:\/\/welikemadeira.com\/pt-pt\/mercados-na-madeira\/"},"wordCount":1490,"publisher":{"@id":"https:\/\/welikemadeira.com\/pt-pt\/#organization"},"image":{"@id":"https:\/\/welikemadeira.com\/pt-pt\/mercados-na-madeira\/#primaryimage"},"thumbnailUrl":"https:\/\/welikemadeira.com\/wp-content\/uploads\/2025\/02\/mercado-dos-lavradores-scaled.jpg","keywords":["Hor\u00e1rio de funcionamento do Mercado dos Lavradores Funchal","Mercado da Flor da Madeira","Mercado da Madeira","Mercado de Natal da Madeira","Mercado dos Lavradores Funchal Madeira Portugal"],"articleSection":["Madeira","O que fazer"],"inLanguage":"pt-PT"},{"@type":"WebPage","@id":"https:\/\/welikemadeira.com\/pt-pt\/mercados-na-madeira\/","url":"https:\/\/welikemadeira.com\/pt-pt\/mercados-na-madeira\/","name":"Os melhores mercados da Madeira: sabores e tradi\u00e7\u00f5es locais","isPartOf":{"@id":"https:\/\/welikemadeira.com\/pt-pt\/#website"},"primaryImageOfPage":{"@id":"https:\/\/welikemadeira.com\/pt-pt\/mercados-na-madeira\/#primaryimage"},"image":{"@id":"https:\/\/welikemadeira.com\/pt-pt\/mercados-na-madeira\/#primaryimage"},"thumbnailUrl":"https:\/\/welikemadeira.com\/wp-content\/uploads\/2025\/02\/mercado-dos-lavradores-scaled.jpg","datePublished":"2025-02-14T08:13:42+00:00","dateModified":"2025-04-18T18:45:39+00:00","description":"Explora os melhores mercados da Madeira e mergulha nas suas tradi\u00e7\u00f5es. Descobre os produtos locais, as frutas ex\u00f3ticas e a ess\u00eancia da ilha.","breadcrumb":{"@id":"https:\/\/welikemadeira.com\/pt-pt\/mercados-na-madeira\/#breadcrumb"},"inLanguage":"pt-PT","potentialAction":[{"@type":"ReadAction","target":["https:\/\/welikemadeira.com\/pt-pt\/mercados-na-madeira\/"]}]},{"@type":"ImageObject","inLanguage":"pt-PT","@id":"https:\/\/welikemadeira.com\/pt-pt\/mercados-na-madeira\/#primaryimage","url":"https:\/\/welikemadeira.com\/wp-content\/uploads\/2025\/02\/mercado-dos-lavradores-scaled.jpg","contentUrl":"https:\/\/welikemadeira.com\/wp-content\/uploads\/2025\/02\/mercado-dos-lavradores-scaled.jpg","width":2560,"height":1598,"caption":"Vista del Mercado dos Lavradores , uno de los mejores mercados en Madeira"},{"@type":"BreadcrumbList","@id":"https:\/\/welikemadeira.com\/pt-pt\/mercados-na-madeira\/#breadcrumb","itemListElement":[{"@type":"ListItem","position":1,"name":"Portada","item":"https:\/\/welikemadeira.com\/pt-pt\/"},{"@type":"ListItem","position":2,"name":"Os melhores mercados da Madeira: sabores e tradi\u00e7\u00f5es locais"}]},{"@type":"WebSite","@id":"https:\/\/welikemadeira.com\/pt-pt\/#website","url":"https:\/\/welikemadeira.com\/pt-pt\/","name":"Welikemadeira","description":"Blog de viaje de Madeira","publisher":{"@id":"https:\/\/welikemadeira.com\/pt-pt\/#organization"},"potentialAction":[{"@type":"SearchAction","target":{"@type":"EntryPoint","urlTemplate":"https:\/\/welikemadeira.com\/pt-pt\/?s={search_term_string}"},"query-input":{"@type":"PropertyValueSpecification","valueRequired":true,"valueName":"search_term_string"}}],"inLanguage":"pt-PT"},{"@type":"Organization","@id":"https:\/\/welikemadeira.com\/pt-pt\/#organization","name":"Welikemadeira","url":"https:\/\/welikemadeira.com\/pt-pt\/","logo":{"@type":"ImageObject","inLanguage":"pt-PT","@id":"https:\/\/welikemadeira.com\/pt-pt\/#\/schema\/logo\/image\/","url":"https:\/\/welikemadeira.com\/wp-content\/uploads\/2025\/09\/cropped-favicon-03.jpg","contentUrl":"https:\/\/welikemadeira.com\/wp-content\/uploads\/2025\/09\/cropped-favicon-03.jpg","width":2131,"height":2131,"caption":"Welikemadeira"},"image":{"@id":"https:\/\/welikemadeira.com\/pt-pt\/#\/schema\/logo\/image\/"}},{"@type":"Person","@id":"https:\/\/welikemadeira.com\/pt-pt\/#\/schema\/person\/6ca574f43130f442727bc0c380979f8f","name":"admin","image":{"@type":"ImageObject","inLanguage":"pt-PT","@id":"https:\/\/welikemadeira.com\/wp-content\/litespeed\/avatar\/cdb596e60975f9f6ae275d4f652260ce.jpg?ver=1777466883","url":"https:\/\/welikemadeira.com\/wp-content\/litespeed\/avatar\/cdb596e60975f9f6ae275d4f652260ce.jpg?ver=1777466883","contentUrl":"https:\/\/welikemadeira.com\/wp-content\/litespeed\/avatar\/cdb596e60975f9f6ae275d4f652260ce.jpg?ver=1777466883","caption":"admin"},"sameAs":["https:\/\/welikemadeira.com"],"url":"https:\/\/welikemadeira.com\/pt-pt\/author\/admin\/"}]}},"_links":{"self":[{"href":"https:\/\/welikemadeira.com\/pt-pt\/wp-json\/wp\/v2\/posts\/9891","targetHints":{"allow":["GET"]}}],"collection":[{"href":"https:\/\/welikemadeira.com\/pt-pt\/wp-json\/wp\/v2\/posts"}],"about":[{"href":"https:\/\/welikemadeira.com\/pt-pt\/wp-json\/wp\/v2\/types\/post"}],"author":[{"embeddable":true,"href":"https:\/\/welikemadeira.com\/pt-pt\/wp-json\/wp\/v2\/users\/1"}],"replies":[{"embeddable":true,"href":"https:\/\/welikemadeira.com\/pt-pt\/wp-json\/wp\/v2\/comments?post=9891"}],"version-history":[{"count":0,"href":"https:\/\/welikemadeira.com\/pt-pt\/wp-json\/wp\/v2\/posts\/9891\/revisions"}],"wp:featuredmedia":[{"embeddable":true,"href":"https:\/\/welikemadeira.com\/pt-pt\/wp-json\/wp\/v2\/media\/2683"}],"wp:attachment":[{"href":"https:\/\/welikemadeira.com\/pt-pt\/wp-json\/wp\/v2\/media?parent=9891"}],"wp:term":[{"taxonomy":"category","embeddable":true,"href":"https:\/\/welikemadeira.com\/pt-pt\/wp-json\/wp\/v2\/categories?post=9891"},{"taxonomy":"post_tag","embeddable":true,"href":"https:\/\/welikemadeira.com\/pt-pt\/wp-json\/wp\/v2\/tags?post=9891"}],"curies":[{"name":"wp","href":"https:\/\/api.w.org\/{rel}","templated":true}]}}